{"id":1214,"date":"2022-01-12T12:39:15","date_gmt":"2022-01-12T11:39:15","guid":{"rendered":"https:\/\/steanne-stpierre-portlouis.bzh\/ecole-sainte-anne\/?p=1214"},"modified":"2022-01-13T20:55:06","modified_gmt":"2022-01-13T19:55:06","slug":"exposition-septembre-1930-thoniers-dans-la-tempete","status":"publish","type":"post","link":"https:\/\/steanne-stpierre-portlouis.bzh\/ecole-sainte-anne\/exposition-septembre-1930-thoniers-dans-la-tempete\/","title":{"rendered":"Exposition \u00ab\u00a0Septembre 1930. Thoniers dans la temp\u00eate\u00a0\u00bb"},"content":{"rendered":"\n<p>Nous avons eu la chance de visiter l&rsquo;exposition, \u00e0 la m\u00e9diath\u00e8que, des tableaux de Jo le Floch qui ont servi \u00e0 r\u00e9aliser le  film \u00ab\u00a0Septembre 1930. Thoniers dans la temp\u00eate\u00a0\u00bb. Jo le Floch nous a racont\u00e9 l&rsquo;histoire de chacun de ses tableaux, des histoires v\u00e9cues par les p\u00eacheurs durant cette terrible temp\u00eate. C&rsquo;\u00e9tait vraiment passionnant!<\/p>\n\n\n\n<figure class=\"wp-block-image size-full\"><img decoding=\"async\" width=\"591\" height=\"443\" src=\"https:\/\/steanne-stpierre-portlouis.bzh\/ecole-sainte-anne\/wp-content\/uploads\/sites\/2\/2022\/01\/20220111_134621-compressed.jpg\" alt=\"\" class=\"wp-image-1215\" srcset=\"https:\/\/steanne-stpierre-portlouis.bzh\/ecole-sainte-anne\/wp-content\/uploads\/sites\/2\/2022\/01\/20220111_134621-compressed.jpg 591w, https:\/\/steanne-stpierre-portlouis.bzh\/ecole-sainte-anne\/wp-content\/uploads\/sites\/2\/2022\/01\/20220111_134621-compressed-300x225.jpg 300w\" sizes=\"(max-width: 591px) 100vw, 591px\" \/><\/figure>\n\n\n\n<figure class=\"wp-block-image size-full\"><img decoding=\"async\" width=\"591\" height=\"443\" src=\"https:\/\/steanne-stpierre-portlouis.bzh\/ecole-sainte-anne\/wp-content\/uploads\/sites\/2\/2022\/01\/20220111_134711.jpg\" alt=\"\" class=\"wp-image-1217\" srcset=\"https:\/\/steanne-stpierre-portlouis.bzh\/ecole-sainte-anne\/wp-content\/uploads\/sites\/2\/2022\/01\/20220111_134711.jpg 591w, https:\/\/steanne-stpierre-portlouis.bzh\/ecole-sainte-anne\/wp-content\/uploads\/sites\/2\/2022\/01\/20220111_134711-300x225.jpg 300w\" sizes=\"(max-width: 591px) 100vw, 591px\" \/><\/figure>\n\n\n\n<figure class=\"wp-block-image size-full\"><img decoding=\"async\" width=\"591\" height=\"443\" src=\"https:\/\/steanne-stpierre-portlouis.bzh\/ecole-sainte-anne\/wp-content\/uploads\/sites\/2\/2022\/01\/20220111_134807.jpg\" alt=\"\" class=\"wp-image-1218\" srcset=\"https:\/\/steanne-stpierre-portlouis.bzh\/ecole-sainte-anne\/wp-content\/uploads\/sites\/2\/2022\/01\/20220111_134807.jpg 591w, https:\/\/steanne-stpierre-portlouis.bzh\/ecole-sainte-anne\/wp-content\/uploads\/sites\/2\/2022\/01\/20220111_134807-300x225.jpg 300w\" sizes=\"(max-width: 591px) 100vw, 591px\" \/><\/figure>\n\n\n\n<figure class=\"wp-block-image size-full\"><img decoding=\"async\" width=\"591\" height=\"443\" src=\"https:\/\/steanne-stpierre-portlouis.bzh\/ecole-sainte-anne\/wp-content\/uploads\/sites\/2\/2022\/01\/20220111_135651.jpg\" alt=\"\" class=\"wp-image-1219\" srcset=\"https:\/\/steanne-stpierre-portlouis.bzh\/ecole-sainte-anne\/wp-content\/uploads\/sites\/2\/2022\/01\/20220111_135651.jpg 591w, https:\/\/steanne-stpierre-portlouis.bzh\/ecole-sainte-anne\/wp-content\/uploads\/sites\/2\/2022\/01\/20220111_135651-300x225.jpg 300w\" sizes=\"(max-width: 591px) 100vw, 591px\" \/><\/figure>\n\n\n\n<figure class=\"wp-block-image size-full\"><img decoding=\"async\" width=\"591\" height=\"443\" src=\"https:\/\/steanne-stpierre-portlouis.bzh\/ecole-sainte-anne\/wp-content\/uploads\/sites\/2\/2022\/01\/20220111_135656.jpg\" alt=\"\" class=\"wp-image-1220\" srcset=\"https:\/\/steanne-stpierre-portlouis.bzh\/ecole-sainte-anne\/wp-content\/uploads\/sites\/2\/2022\/01\/20220111_135656.jpg 591w, https:\/\/steanne-stpierre-portlouis.bzh\/ecole-sainte-anne\/wp-content\/uploads\/sites\/2\/2022\/01\/20220111_135656-300x225.jpg 300w\" sizes=\"(max-width: 591px) 100vw, 591px\" \/><\/figure>\n\n\n\n<figure class=\"wp-block-image size-full\"><img decoding=\"async\" width=\"591\" height=\"443\" src=\"https:\/\/steanne-stpierre-portlouis.bzh\/ecole-sainte-anne\/wp-content\/uploads\/sites\/2\/2022\/01\/20220111_140306.jpg\" alt=\"\" class=\"wp-image-1221\" srcset=\"https:\/\/steanne-stpierre-portlouis.bzh\/ecole-sainte-anne\/wp-content\/uploads\/sites\/2\/2022\/01\/20220111_140306.jpg 591w, https:\/\/steanne-stpierre-portlouis.bzh\/ecole-sainte-anne\/wp-content\/uploads\/sites\/2\/2022\/01\/20220111_140306-300x225.jpg 300w\" sizes=\"(max-width: 591px) 100vw, 591px\" \/><\/figure>\n\n\n\n<figure class=\"wp-block-image size-full\"><img decoding=\"async\" width=\"591\" height=\"443\" src=\"https:\/\/steanne-stpierre-portlouis.bzh\/ecole-sainte-anne\/wp-content\/uploads\/sites\/2\/2022\/01\/20220111_140530.jpg\" alt=\"\" class=\"wp-image-1222\" srcset=\"https:\/\/steanne-stpierre-portlouis.bzh\/ecole-sainte-anne\/wp-content\/uploads\/sites\/2\/2022\/01\/20220111_140530.jpg 591w, https:\/\/steanne-stpierre-portlouis.bzh\/ecole-sainte-anne\/wp-content\/uploads\/sites\/2\/2022\/01\/20220111_140530-300x225.jpg 300w\" sizes=\"(max-width: 591px) 100vw, 591px\" \/><\/figure>\n\n\n\n<figure class=\"wp-block-image size-full\"><img decoding=\"async\" width=\"591\" height=\"443\" src=\"https:\/\/steanne-stpierre-portlouis.bzh\/ecole-sainte-anne\/wp-content\/uploads\/sites\/2\/2022\/01\/20220111_141104.jpg\" alt=\"\" class=\"wp-image-1223\" srcset=\"https:\/\/steanne-stpierre-portlouis.bzh\/ecole-sainte-anne\/wp-content\/uploads\/sites\/2\/2022\/01\/20220111_141104.jpg 591w, https:\/\/steanne-stpierre-portlouis.bzh\/ecole-sainte-anne\/wp-content\/uploads\/sites\/2\/2022\/01\/20220111_141104-300x225.jpg 300w\" sizes=\"(max-width: 591px) 100vw, 591px\" \/><\/figure>\n\n\n\n<figure class=\"wp-block-image size-full\"><img decoding=\"async\" width=\"591\" height=\"443\" src=\"https:\/\/steanne-stpierre-portlouis.bzh\/ecole-sainte-anne\/wp-content\/uploads\/sites\/2\/2022\/01\/20220111_141647-1.jpg\" alt=\"\" class=\"wp-image-1224\" srcset=\"https:\/\/steanne-stpierre-portlouis.bzh\/ecole-sainte-anne\/wp-content\/uploads\/sites\/2\/2022\/01\/20220111_141647-1.jpg 591w, https:\/\/steanne-stpierre-portlouis.bzh\/ecole-sainte-anne\/wp-content\/uploads\/sites\/2\/2022\/01\/20220111_141647-1-300x225.jpg 300w\" sizes=\"(max-width: 591px) 100vw, 591px\" \/><\/figure>\n\n\n\n<figure class=\"wp-block-image size-full\"><img decoding=\"async\" width=\"443\" height=\"591\" src=\"https:\/\/steanne-stpierre-portlouis.bzh\/ecole-sainte-anne\/wp-content\/uploads\/sites\/2\/2022\/01\/20220111_143655-rotated.jpg\" alt=\"\" class=\"wp-image-1225\" srcset=\"https:\/\/steanne-stpierre-portlouis.bzh\/ecole-sainte-anne\/wp-content\/uploads\/sites\/2\/2022\/01\/20220111_143655-rotated.jpg 443w, https:\/\/steanne-stpierre-portlouis.bzh\/ecole-sainte-anne\/wp-content\/uploads\/sites\/2\/2022\/01\/20220111_143655-225x300.jpg 225w\" sizes=\"(max-width: 443px) 100vw, 443px\" \/><\/figure>\n","protected":false},"excerpt":{"rendered":"<p>Nous avons eu la chance de visiter l&rsquo;exposition, \u00e0 la m\u00e9diath\u00e8que, des tableaux de Jo le Floch qui ont servi \u00e0 r\u00e9aliser le film \u00ab\u00a0Septembre 1930. Thoniers dans la temp\u00eate\u00a0\u00bb. [&hellip;]<\/p>\n","protected":false},"author":4,"featured_media":1223,"comment_status":"closed","ping_status":"closed","sticky":false,"template":"","format":"standard","meta":{"_acf_changed":false,"footnotes":""},"categories":[20,26],"tags":[],"class_list":["post-1214","post","type-post","status-publish","format-standard","has-post-thumbnail","hentry","category-cm","category-chroniques-de-classe-diversses"],"acf":[],"yoast_head":"<!-- This site is optimized with the Yoast SEO plugin v27.4 - https:\/\/yoast.com\/product\/yoast-seo-wordpress\/ -->\n<title>Exposition &quot;Septembre 1930. Thoniers dans la temp\u00eate&quot; - \u00c9cole Sainte-Anne<\/title>\n<meta name=\"robots\" content=\"index, follow, max-snippet:-1, max-image-preview:large, max-video-preview:-1\" \/>\n<link rel=\"canonical\" href=\"https:\/\/steanne-stpierre-portlouis.bzh\/ecole-sainte-anne\/exposition-septembre-1930-thoniers-dans-la-tempete\/\" \/>\n<meta property=\"og:locale\" content=\"fr_FR\" \/>\n<meta property=\"og:type\" content=\"article\" \/>\n<meta property=\"og:title\" content=\"Exposition &quot;Septembre 1930. Thoniers dans la temp\u00eate&quot; - \u00c9cole Sainte-Anne\" \/>\n<meta property=\"og:description\" content=\"Nous avons eu la chance de visiter l&rsquo;exposition, \u00e0 la m\u00e9diath\u00e8que, des tableaux de Jo le Floch qui ont servi \u00e0 r\u00e9aliser le film \u00ab\u00a0Septembre 1930. Thoniers dans la temp\u00eate\u00a0\u00bb. [&hellip;]\" \/>\n<meta property=\"og:url\" content=\"https:\/\/steanne-stpierre-portlouis.bzh\/ecole-sainte-anne\/exposition-septembre-1930-thoniers-dans-la-tempete\/\" \/>\n<meta property=\"og:site_name\" content=\"\u00c9cole Sainte-Anne\" \/>\n<meta property=\"article:published_time\" content=\"2022-01-12T11:39:15+00:00\" \/>\n<meta property=\"article:modified_time\" content=\"2022-01-13T19:55:06+00:00\" \/>\n<meta property=\"og:image\" content=\"https:\/\/steanne-stpierre-portlouis.bzh\/ecole-sainte-anne\/wp-content\/uploads\/sites\/2\/2022\/01\/20220111_141104.jpg\" \/>\n\t<meta property=\"og:image:width\" content=\"591\" \/>\n\t<meta property=\"og:image:height\" content=\"443\" \/>\n\t<meta property=\"og:image:type\" content=\"image\/jpeg\" \/>\n<meta name=\"author\" content=\"cebrel\" \/>\n<meta name=\"twitter:card\" content=\"summary_large_image\" \/>\n<meta name=\"twitter:label1\" content=\"\u00c9crit par\" \/>\n\t<meta name=\"twitter:data1\" content=\"cebrel\" \/>\n\t<meta name=\"twitter:label2\" content=\"Dur\u00e9e de lecture estim\u00e9e\" \/>\n\t<meta name=\"twitter:data2\" content=\"3 minutes\" \/>\n<script type=\"application\/ld+json\" class=\"yoast-schema-graph\">{\"@context\":\"https:\\\/\\\/schema.org\",\"@graph\":[{\"@type\":\"Article\",\"@id\":\"https:\\\/\\\/steanne-stpierre-portlouis.bzh\\\/ecole-sainte-anne\\\/exposition-septembre-1930-thoniers-dans-la-tempete\\\/#article\",\"isPartOf\":{\"@id\":\"https:\\\/\\\/steanne-stpierre-portlouis.bzh\\\/ecole-sainte-anne\\\/exposition-septembre-1930-thoniers-dans-la-tempete\\\/\"},\"author\":{\"name\":\"cebrel\",\"@id\":\"https:\\\/\\\/steanne-stpierre-portlouis.bzh\\\/ecole-sainte-anne\\\/#\\\/schema\\\/person\\\/d0adfd862a9a6e74c46d677e20515de2\"},\"headline\":\"Exposition \u00ab\u00a0Septembre 1930. Thoniers dans la temp\u00eate\u00a0\u00bb\",\"datePublished\":\"2022-01-12T11:39:15+00:00\",\"dateModified\":\"2022-01-13T19:55:06+00:00\",\"mainEntityOfPage\":{\"@id\":\"https:\\\/\\\/steanne-stpierre-portlouis.bzh\\\/ecole-sainte-anne\\\/exposition-septembre-1930-thoniers-dans-la-tempete\\\/\"},\"wordCount\":69,\"publisher\":{\"@id\":\"https:\\\/\\\/steanne-stpierre-portlouis.bzh\\\/ecole-sainte-anne\\\/#organization\"},\"image\":{\"@id\":\"https:\\\/\\\/steanne-stpierre-portlouis.bzh\\\/ecole-sainte-anne\\\/exposition-septembre-1930-thoniers-dans-la-tempete\\\/#primaryimage\"},\"thumbnailUrl\":\"https:\\\/\\\/steanne-stpierre-portlouis.bzh\\\/ecole-sainte-anne\\\/wp-content\\\/uploads\\\/sites\\\/2\\\/2022\\\/01\\\/20220111_141104.jpg\",\"articleSection\":[\"CM\",\"Chroniques de classes diverses\"],\"inLanguage\":\"fr-FR\"},{\"@type\":\"WebPage\",\"@id\":\"https:\\\/\\\/steanne-stpierre-portlouis.bzh\\\/ecole-sainte-anne\\\/exposition-septembre-1930-thoniers-dans-la-tempete\\\/\",\"url\":\"https:\\\/\\\/steanne-stpierre-portlouis.bzh\\\/ecole-sainte-anne\\\/exposition-septembre-1930-thoniers-dans-la-tempete\\\/\",\"name\":\"Exposition \\\"Septembre 1930. Thoniers dans la temp\u00eate\\\" - \u00c9cole Sainte-Anne\",\"isPartOf\":{\"@id\":\"https:\\\/\\\/steanne-stpierre-portlouis.bzh\\\/ecole-sainte-anne\\\/#website\"},\"primaryImageOfPage\":{\"@id\":\"https:\\\/\\\/steanne-stpierre-portlouis.bzh\\\/ecole-sainte-anne\\\/exposition-septembre-1930-thoniers-dans-la-tempete\\\/#primaryimage\"},\"image\":{\"@id\":\"https:\\\/\\\/steanne-stpierre-portlouis.bzh\\\/ecole-sainte-anne\\\/exposition-septembre-1930-thoniers-dans-la-tempete\\\/#primaryimage\"},\"thumbnailUrl\":\"https:\\\/\\\/steanne-stpierre-portlouis.bzh\\\/ecole-sainte-anne\\\/wp-content\\\/uploads\\\/sites\\\/2\\\/2022\\\/01\\\/20220111_141104.jpg\",\"datePublished\":\"2022-01-12T11:39:15+00:00\",\"dateModified\":\"2022-01-13T19:55:06+00:00\",\"breadcrumb\":{\"@id\":\"https:\\\/\\\/steanne-stpierre-portlouis.bzh\\\/ecole-sainte-anne\\\/exposition-septembre-1930-thoniers-dans-la-tempete\\\/#breadcrumb\"},\"inLanguage\":\"fr-FR\",\"potentialAction\":[{\"@type\":\"ReadAction\",\"target\":[\"https:\\\/\\\/steanne-stpierre-portlouis.bzh\\\/ecole-sainte-anne\\\/exposition-septembre-1930-thoniers-dans-la-tempete\\\/\"]}]},{\"@type\":\"ImageObject\",\"inLanguage\":\"fr-FR\",\"@id\":\"https:\\\/\\\/steanne-stpierre-portlouis.bzh\\\/ecole-sainte-anne\\\/exposition-septembre-1930-thoniers-dans-la-tempete\\\/#primaryimage\",\"url\":\"https:\\\/\\\/steanne-stpierre-portlouis.bzh\\\/ecole-sainte-anne\\\/wp-content\\\/uploads\\\/sites\\\/2\\\/2022\\\/01\\\/20220111_141104.jpg\",\"contentUrl\":\"https:\\\/\\\/steanne-stpierre-portlouis.bzh\\\/ecole-sainte-anne\\\/wp-content\\\/uploads\\\/sites\\\/2\\\/2022\\\/01\\\/20220111_141104.jpg\",\"width\":591,\"height\":443},{\"@type\":\"BreadcrumbList\",\"@id\":\"https:\\\/\\\/steanne-stpierre-portlouis.bzh\\\/ecole-sainte-anne\\\/exposition-septembre-1930-thoniers-dans-la-tempete\\\/#breadcrumb\",\"itemListElement\":[{\"@type\":\"ListItem\",\"position\":1,\"name\":\"Accueil\",\"item\":\"https:\\\/\\\/steanne-stpierre-portlouis.bzh\\\/ecole-sainte-anne\\\/\"},{\"@type\":\"ListItem\",\"position\":2,\"name\":\"Exposition \u00ab\u00a0Septembre 1930. Thoniers dans la temp\u00eate\u00a0\u00bb\"}]},{\"@type\":\"WebSite\",\"@id\":\"https:\\\/\\\/steanne-stpierre-portlouis.bzh\\\/ecole-sainte-anne\\\/#website\",\"url\":\"https:\\\/\\\/steanne-stpierre-portlouis.bzh\\\/ecole-sainte-anne\\\/\",\"name\":\"\u00c9cole Sainte-Anne\",\"description\":\"Un site utilisant Ensemble scolaire Port Louis\",\"publisher\":{\"@id\":\"https:\\\/\\\/steanne-stpierre-portlouis.bzh\\\/ecole-sainte-anne\\\/#organization\"},\"potentialAction\":[{\"@type\":\"SearchAction\",\"target\":{\"@type\":\"EntryPoint\",\"urlTemplate\":\"https:\\\/\\\/steanne-stpierre-portlouis.bzh\\\/ecole-sainte-anne\\\/?s={search_term_string}\"},\"query-input\":{\"@type\":\"PropertyValueSpecification\",\"valueRequired\":true,\"valueName\":\"search_term_string\"}}],\"inLanguage\":\"fr-FR\"},{\"@type\":\"Organization\",\"@id\":\"https:\\\/\\\/steanne-stpierre-portlouis.bzh\\\/ecole-sainte-anne\\\/#organization\",\"name\":\"\u00c9cole Sainte-Anne\",\"url\":\"https:\\\/\\\/steanne-stpierre-portlouis.bzh\\\/ecole-sainte-anne\\\/\",\"logo\":{\"@type\":\"ImageObject\",\"inLanguage\":\"fr-FR\",\"@id\":\"https:\\\/\\\/steanne-stpierre-portlouis.bzh\\\/ecole-sainte-anne\\\/#\\\/schema\\\/logo\\\/image\\\/\",\"url\":\"https:\\\/\\\/steanne-stpierre-portlouis.bzh\\\/ecole-sainte-anne\\\/wp-content\\\/uploads\\\/sites\\\/2\\\/2021\\\/05\\\/logo-steanne.png\",\"contentUrl\":\"https:\\\/\\\/steanne-stpierre-portlouis.bzh\\\/ecole-sainte-anne\\\/wp-content\\\/uploads\\\/sites\\\/2\\\/2021\\\/05\\\/logo-steanne.png\",\"width\":246,\"height\":187,\"caption\":\"\u00c9cole Sainte-Anne\"},\"image\":{\"@id\":\"https:\\\/\\\/steanne-stpierre-portlouis.bzh\\\/ecole-sainte-anne\\\/#\\\/schema\\\/logo\\\/image\\\/\"}},{\"@type\":\"Person\",\"@id\":\"https:\\\/\\\/steanne-stpierre-portlouis.bzh\\\/ecole-sainte-anne\\\/#\\\/schema\\\/person\\\/d0adfd862a9a6e74c46d677e20515de2\",\"name\":\"cebrel\",\"image\":{\"@type\":\"ImageObject\",\"inLanguage\":\"fr-FR\",\"@id\":\"https:\\\/\\\/secure.gravatar.com\\\/avatar\\\/d50aa45863e19570042f9244386ca85cb7a7a297edbcc113d377a7b15e783a2c?s=96&d=mm&r=g\",\"url\":\"https:\\\/\\\/secure.gravatar.com\\\/avatar\\\/d50aa45863e19570042f9244386ca85cb7a7a297edbcc113d377a7b15e783a2c?s=96&d=mm&r=g\",\"contentUrl\":\"https:\\\/\\\/secure.gravatar.com\\\/avatar\\\/d50aa45863e19570042f9244386ca85cb7a7a297edbcc113d377a7b15e783a2c?s=96&d=mm&r=g\",\"caption\":\"cebrel\"}}]}<\/script>\n<!-- \/ Yoast SEO plugin. -->","yoast_head_json":{"title":"Exposition \"Septembre 1930. Thoniers dans la temp\u00eate\" - \u00c9cole Sainte-Anne","robots":{"index":"index","follow":"follow","max-snippet":"max-snippet:-1","max-image-preview":"max-image-preview:large","max-video-preview":"max-video-preview:-1"},"canonical":"https:\/\/steanne-stpierre-portlouis.bzh\/ecole-sainte-anne\/exposition-septembre-1930-thoniers-dans-la-tempete\/","og_locale":"fr_FR","og_type":"article","og_title":"Exposition \"Septembre 1930. Thoniers dans la temp\u00eate\" - \u00c9cole Sainte-Anne","og_description":"Nous avons eu la chance de visiter l&rsquo;exposition, \u00e0 la m\u00e9diath\u00e8que, des tableaux de Jo le Floch qui ont servi \u00e0 r\u00e9aliser le film \u00ab\u00a0Septembre 1930. Thoniers dans la temp\u00eate\u00a0\u00bb. [&hellip;]","og_url":"https:\/\/steanne-stpierre-portlouis.bzh\/ecole-sainte-anne\/exposition-septembre-1930-thoniers-dans-la-tempete\/","og_site_name":"\u00c9cole Sainte-Anne","article_published_time":"2022-01-12T11:39:15+00:00","article_modified_time":"2022-01-13T19:55:06+00:00","og_image":[{"width":591,"height":443,"url":"https:\/\/steanne-stpierre-portlouis.bzh\/ecole-sainte-anne\/wp-content\/uploads\/sites\/2\/2022\/01\/20220111_141104.jpg","type":"image\/jpeg"}],"author":"cebrel","twitter_card":"summary_large_image","twitter_misc":{"\u00c9crit par":"cebrel","Dur\u00e9e de lecture estim\u00e9e":"3 minutes"},"schema":{"@context":"https:\/\/schema.org","@graph":[{"@type":"Article","@id":"https:\/\/steanne-stpierre-portlouis.bzh\/ecole-sainte-anne\/exposition-septembre-1930-thoniers-dans-la-tempete\/#article","isPartOf":{"@id":"https:\/\/steanne-stpierre-portlouis.bzh\/ecole-sainte-anne\/exposition-septembre-1930-thoniers-dans-la-tempete\/"},"author":{"name":"cebrel","@id":"https:\/\/steanne-stpierre-portlouis.bzh\/ecole-sainte-anne\/#\/schema\/person\/d0adfd862a9a6e74c46d677e20515de2"},"headline":"Exposition \u00ab\u00a0Septembre 1930. Thoniers dans la temp\u00eate\u00a0\u00bb","datePublished":"2022-01-12T11:39:15+00:00","dateModified":"2022-01-13T19:55:06+00:00","mainEntityOfPage":{"@id":"https:\/\/steanne-stpierre-portlouis.bzh\/ecole-sainte-anne\/exposition-septembre-1930-thoniers-dans-la-tempete\/"},"wordCount":69,"publisher":{"@id":"https:\/\/steanne-stpierre-portlouis.bzh\/ecole-sainte-anne\/#organization"},"image":{"@id":"https:\/\/steanne-stpierre-portlouis.bzh\/ecole-sainte-anne\/exposition-septembre-1930-thoniers-dans-la-tempete\/#primaryimage"},"thumbnailUrl":"https:\/\/steanne-stpierre-portlouis.bzh\/ecole-sainte-anne\/wp-content\/uploads\/sites\/2\/2022\/01\/20220111_141104.jpg","articleSection":["CM","Chroniques de classes diverses"],"inLanguage":"fr-FR"},{"@type":"WebPage","@id":"https:\/\/steanne-stpierre-portlouis.bzh\/ecole-sainte-anne\/exposition-septembre-1930-thoniers-dans-la-tempete\/","url":"https:\/\/steanne-stpierre-portlouis.bzh\/ecole-sainte-anne\/exposition-septembre-1930-thoniers-dans-la-tempete\/","name":"Exposition \"Septembre 1930. Thoniers dans la temp\u00eate\" - \u00c9cole Sainte-Anne","isPartOf":{"@id":"https:\/\/steanne-stpierre-portlouis.bzh\/ecole-sainte-anne\/#website"},"primaryImageOfPage":{"@id":"https:\/\/steanne-stpierre-portlouis.bzh\/ecole-sainte-anne\/exposition-septembre-1930-thoniers-dans-la-tempete\/#primaryimage"},"image":{"@id":"https:\/\/steanne-stpierre-portlouis.bzh\/ecole-sainte-anne\/exposition-septembre-1930-thoniers-dans-la-tempete\/#primaryimage"},"thumbnailUrl":"https:\/\/steanne-stpierre-portlouis.bzh\/ecole-sainte-anne\/wp-content\/uploads\/sites\/2\/2022\/01\/20220111_141104.jpg","datePublished":"2022-01-12T11:39:15+00:00","dateModified":"2022-01-13T19:55:06+00:00","breadcrumb":{"@id":"https:\/\/steanne-stpierre-portlouis.bzh\/ecole-sainte-anne\/exposition-septembre-1930-thoniers-dans-la-tempete\/#breadcrumb"},"inLanguage":"fr-FR","potentialAction":[{"@type":"ReadAction","target":["https:\/\/steanne-stpierre-portlouis.bzh\/ecole-sainte-anne\/exposition-septembre-1930-thoniers-dans-la-tempete\/"]}]},{"@type":"ImageObject","inLanguage":"fr-FR","@id":"https:\/\/steanne-stpierre-portlouis.bzh\/ecole-sainte-anne\/exposition-septembre-1930-thoniers-dans-la-tempete\/#primaryimage","url":"https:\/\/steanne-stpierre-portlouis.bzh\/ecole-sainte-anne\/wp-content\/uploads\/sites\/2\/2022\/01\/20220111_141104.jpg","contentUrl":"https:\/\/steanne-stpierre-portlouis.bzh\/ecole-sainte-anne\/wp-content\/uploads\/sites\/2\/2022\/01\/20220111_141104.jpg","width":591,"height":443},{"@type":"BreadcrumbList","@id":"https:\/\/steanne-stpierre-portlouis.bzh\/ecole-sainte-anne\/exposition-septembre-1930-thoniers-dans-la-tempete\/#breadcrumb","itemListElement":[{"@type":"ListItem","position":1,"name":"Accueil","item":"https:\/\/steanne-stpierre-portlouis.bzh\/ecole-sainte-anne\/"},{"@type":"ListItem","position":2,"name":"Exposition \u00ab\u00a0Septembre 1930. Thoniers dans la temp\u00eate\u00a0\u00bb"}]},{"@type":"WebSite","@id":"https:\/\/steanne-stpierre-portlouis.bzh\/ecole-sainte-anne\/#website","url":"https:\/\/steanne-stpierre-portlouis.bzh\/ecole-sainte-anne\/","name":"\u00c9cole Sainte-Anne","description":"Un site utilisant Ensemble scolaire Port Louis","publisher":{"@id":"https:\/\/steanne-stpierre-portlouis.bzh\/ecole-sainte-anne\/#organization"},"potentialAction":[{"@type":"SearchAction","target":{"@type":"EntryPoint","urlTemplate":"https:\/\/steanne-stpierre-portlouis.bzh\/ecole-sainte-anne\/?s={search_term_string}"},"query-input":{"@type":"PropertyValueSpecification","valueRequired":true,"valueName":"search_term_string"}}],"inLanguage":"fr-FR"},{"@type":"Organization","@id":"https:\/\/steanne-stpierre-portlouis.bzh\/ecole-sainte-anne\/#organization","name":"\u00c9cole Sainte-Anne","url":"https:\/\/steanne-stpierre-portlouis.bzh\/ecole-sainte-anne\/","logo":{"@type":"ImageObject","inLanguage":"fr-FR","@id":"https:\/\/steanne-stpierre-portlouis.bzh\/ecole-sainte-anne\/#\/schema\/logo\/image\/","url":"https:\/\/steanne-stpierre-portlouis.bzh\/ecole-sainte-anne\/wp-content\/uploads\/sites\/2\/2021\/05\/logo-steanne.png","contentUrl":"https:\/\/steanne-stpierre-portlouis.bzh\/ecole-sainte-anne\/wp-content\/uploads\/sites\/2\/2021\/05\/logo-steanne.png","width":246,"height":187,"caption":"\u00c9cole Sainte-Anne"},"image":{"@id":"https:\/\/steanne-stpierre-portlouis.bzh\/ecole-sainte-anne\/#\/schema\/logo\/image\/"}},{"@type":"Person","@id":"https:\/\/steanne-stpierre-portlouis.bzh\/ecole-sainte-anne\/#\/schema\/person\/d0adfd862a9a6e74c46d677e20515de2","name":"cebrel","image":{"@type":"ImageObject","inLanguage":"fr-FR","@id":"https:\/\/secure.gravatar.com\/avatar\/d50aa45863e19570042f9244386ca85cb7a7a297edbcc113d377a7b15e783a2c?s=96&d=mm&r=g","url":"https:\/\/secure.gravatar.com\/avatar\/d50aa45863e19570042f9244386ca85cb7a7a297edbcc113d377a7b15e783a2c?s=96&d=mm&r=g","contentUrl":"https:\/\/secure.gravatar.com\/avatar\/d50aa45863e19570042f9244386ca85cb7a7a297edbcc113d377a7b15e783a2c?s=96&d=mm&r=g","caption":"cebrel"}}]}},"_links":{"self":[{"href":"https:\/\/steanne-stpierre-portlouis.bzh\/ecole-sainte-anne\/wp-json\/wp\/v2\/posts\/1214","targetHints":{"allow":["GET"]}}],"collection":[{"href":"https:\/\/steanne-stpierre-portlouis.bzh\/ecole-sainte-anne\/wp-json\/wp\/v2\/posts"}],"about":[{"href":"https:\/\/steanne-stpierre-portlouis.bzh\/ecole-sainte-anne\/wp-json\/wp\/v2\/types\/post"}],"author":[{"embeddable":true,"href":"https:\/\/steanne-stpierre-portlouis.bzh\/ecole-sainte-anne\/wp-json\/wp\/v2\/users\/4"}],"replies":[{"embeddable":true,"href":"https:\/\/steanne-stpierre-portlouis.bzh\/ecole-sainte-anne\/wp-json\/wp\/v2\/comments?post=1214"}],"version-history":[{"count":1,"href":"https:\/\/steanne-stpierre-portlouis.bzh\/ecole-sainte-anne\/wp-json\/wp\/v2\/posts\/1214\/revisions"}],"predecessor-version":[{"id":1226,"href":"https:\/\/steanne-stpierre-portlouis.bzh\/ecole-sainte-anne\/wp-json\/wp\/v2\/posts\/1214\/revisions\/1226"}],"wp:featuredmedia":[{"embeddable":true,"href":"https:\/\/steanne-stpierre-portlouis.bzh\/ecole-sainte-anne\/wp-json\/wp\/v2\/media\/1223"}],"wp:attachment":[{"href":"https:\/\/steanne-stpierre-portlouis.bzh\/ecole-sainte-anne\/wp-json\/wp\/v2\/media?parent=1214"}],"wp:term":[{"taxonomy":"category","embeddable":true,"href":"https:\/\/steanne-stpierre-portlouis.bzh\/ecole-sainte-anne\/wp-json\/wp\/v2\/categories?post=1214"},{"taxonomy":"post_tag","embeddable":true,"href":"https:\/\/steanne-stpierre-portlouis.bzh\/ecole-sainte-anne\/wp-json\/wp\/v2\/tags?post=1214"}],"curies":[{"name":"wp","href":"https:\/\/api.w.org\/{rel}","templated":true}]}}