{"id":1504,"date":"2022-03-17T22:18:48","date_gmt":"2022-03-17T21:18:48","guid":{"rendered":"https:\/\/steanne-stpierre-portlouis.bzh\/ecole-sainte-anne\/?p=1504"},"modified":"2022-03-17T22:18:50","modified_gmt":"2022-03-17T21:18:50","slug":"guerre-en-ukraine","status":"publish","type":"post","link":"https:\/\/steanne-stpierre-portlouis.bzh\/ecole-sainte-anne\/guerre-en-ukraine\/","title":{"rendered":"Guerre en Ukraine"},"content":{"rendered":"\n<p>Beaucoup d&rsquo;\u00e9l\u00e8ves avaient entendu parler de la guerre en Ukraine, nous en avons donc parl\u00e9 en classe. <\/p>\n\n\n\n<p>Nous avons regard\u00e9 et \u00e9chang\u00e9 autour de diff\u00e9rents articles de  presse: 1 jour, 1 actu &#8211; Mon quotidien &#8211; L&rsquo;Hebdo des P&rsquo;tits citoyens.<\/p>\n\n\n\n<p>Nous avons \u00e9galement d\u00e9couvert quelques oeuvres d&rsquo;artistes qui militent pour la paix.<\/p>\n\n\n\n<div class=\"wp-block-image\"><figure class=\"aligncenter size-full\"><img decoding=\"async\" width=\"507\" height=\"680\" src=\"https:\/\/steanne-stpierre-portlouis.bzh\/ecole-sainte-anne\/wp-content\/uploads\/sites\/2\/2022\/03\/guerre-en-ukraine.jpg\" alt=\"\" class=\"wp-image-1505\" srcset=\"https:\/\/steanne-stpierre-portlouis.bzh\/ecole-sainte-anne\/wp-content\/uploads\/sites\/2\/2022\/03\/guerre-en-ukraine.jpg 507w, https:\/\/steanne-stpierre-portlouis.bzh\/ecole-sainte-anne\/wp-content\/uploads\/sites\/2\/2022\/03\/guerre-en-ukraine-224x300.jpg 224w\" sizes=\"(max-width: 507px) 100vw, 507px\" \/><\/figure><\/div>\n\n\n\n<div class=\"wp-block-image\"><figure class=\"aligncenter size-full is-resized\"><img decoding=\"async\" src=\"https:\/\/steanne-stpierre-portlouis.bzh\/ecole-sainte-anne\/wp-content\/uploads\/sites\/2\/2022\/03\/guerre-en-ukraine-2.jpg\" alt=\"\" class=\"wp-image-1507\" width=\"518\" height=\"618\" srcset=\"https:\/\/steanne-stpierre-portlouis.bzh\/ecole-sainte-anne\/wp-content\/uploads\/sites\/2\/2022\/03\/guerre-en-ukraine-2.jpg 700w, https:\/\/steanne-stpierre-portlouis.bzh\/ecole-sainte-anne\/wp-content\/uploads\/sites\/2\/2022\/03\/guerre-en-ukraine-2-251x300.jpg 251w\" sizes=\"(max-width: 518px) 100vw, 518px\" \/><\/figure><\/div>\n\n\n\n<div class=\"wp-block-image\"><figure class=\"aligncenter size-full is-resized\"><img decoding=\"async\" src=\"https:\/\/steanne-stpierre-portlouis.bzh\/ecole-sainte-anne\/wp-content\/uploads\/sites\/2\/2022\/03\/guerre-en-ukraine-3.jpg\" alt=\"\" class=\"wp-image-1508\" width=\"522\" height=\"651\" srcset=\"https:\/\/steanne-stpierre-portlouis.bzh\/ecole-sainte-anne\/wp-content\/uploads\/sites\/2\/2022\/03\/guerre-en-ukraine-3.jpg 821w, https:\/\/steanne-stpierre-portlouis.bzh\/ecole-sainte-anne\/wp-content\/uploads\/sites\/2\/2022\/03\/guerre-en-ukraine-3-241x300.jpg 241w, https:\/\/steanne-stpierre-portlouis.bzh\/ecole-sainte-anne\/wp-content\/uploads\/sites\/2\/2022\/03\/guerre-en-ukraine-3-768x958.jpg 768w\" sizes=\"(max-width: 522px) 100vw, 522px\" \/><\/figure><\/div>\n\n\n\n<p>Voici un joli texte que nous avons \u00e9cout\u00e9:<\/p>\n\n\n\n<p><strong>Si tu crois&#8230;<\/strong><\/p>\n\n\n\n<p>Si tu crois qu\u2019un sourire est plus fort qu\u2019une arme,<br>Si tu crois \u00e0 la puissance d\u2019une main offerte,<br>Si tu crois que ce qui rassemble les hommes est plus important que ce qui divise,<\/p>\n\n\n\n<p>Si tu crois qu\u2019\u00eatre diff\u00e9rent est une richesse et non pas un danger,<br>Si tu sais regarder l\u2019autre avec un brin d\u2019amour,<br>Si tu pr\u00e9f\u00e8res l\u2019esp\u00e9rance au soup\u00e7on,<br>Si tu estimes que c\u2019est \u00e0 toi de faire le premier pas, plut\u00f4t qu\u2019\u00e0 l\u2019autre,<br>Si le regard d\u2019un enfant parvient encore \u00e0 d\u00e9sarmer ton c\u0153ur,<br>Si tu peux te r\u00e9jouir de la joie de ton voisin,<br>Si l\u2019injustice qui frappe les autres te r\u00e9volte autant que celle que tu subis,<br>Si pour toi l\u2019\u00e9tranger est un fr\u00e8re qui t\u2019est propos\u00e9,<br>Si tu sais donner gratuitement un peu de ton temps par amour,<br>Si tu acceptes qu\u2019un autre te rende service,<\/p>\n\n\n\n<p>Si tu partages ton pain et que tu saches y joindre un morceau de ton c\u0153ur,<br>Si tu crois qu\u2019un pardon va plus loin qu\u2019une vengeance,<br>Si tu sais chanter le bonheur des autres et danser leur all\u00e9gresse,<br>Si tu peux \u00e9couter le malheureux qui te fait perdre ton temps et lui garder ton sourire,<br>Si tu sais accepter la critique et en faire ton profit, sans la renvoyer et te justifier,<\/p>\n\n\n\n<p>Si tu sais accueillir et adopter un avis diff\u00e9rent du tien,<br>Si pour toi l\u2019autre est d\u2019abord un fr\u00e8re,<br>Si la col\u00e8re est pour toi une faiblesse, non une preuve de force,<br>Si tu pr\u00e9f\u00e8res \u00eatre l\u00e9s\u00e9 que faire tort \u00e0 quelqu\u2019un,<br>Si tu refuses qu\u2019apr\u00e8s toi ce soit le d\u00e9luge,<br>Si tu te ranges du c\u00f4t\u00e9 du pauvre et de l\u2019opprim\u00e9 sans te prendre pour un h\u00e9ros,<\/p>\n\n\n\n<p>Si tu crois que l\u2019Amour est la seule force de dissuasion,<br>Si tu crois que la Paix est possible,<\/p>\n\n\n\n<p>Alors la paix viendra.<\/p>\n\n\n\n<p><em>Pierre Guilbert<\/em><\/p>\n","protected":false},"excerpt":{"rendered":"<p>Beaucoup d&rsquo;\u00e9l\u00e8ves avaient entendu parler de la guerre en Ukraine, nous en avons donc parl\u00e9 en classe. Nous avons regard\u00e9 et \u00e9chang\u00e9 autour de diff\u00e9rents articles de presse: 1 jour, [&hellip;]<\/p>\n","protected":false},"author":4,"featured_media":1505,"comment_status":"closed","ping_status":"closed","sticky":false,"template":"","format":"standard","meta":{"_acf_changed":false,"footnotes":""},"categories":[20,1],"tags":[],"class_list":["post-1504","post","type-post","status-publish","format-standard","has-post-thumbnail","hentry","category-cm","category-chroniques-de-classe"],"acf":[],"yoast_head":"<!-- This site is optimized with the Yoast SEO plugin v27.5 - https:\/\/yoast.com\/product\/yoast-seo-wordpress\/ -->\n<title>Guerre en Ukraine - \u00c9cole Sainte-Anne<\/title>\n<meta name=\"robots\" content=\"index, follow, max-snippet:-1, max-image-preview:large, max-video-preview:-1\" \/>\n<link rel=\"canonical\" href=\"https:\/\/steanne-stpierre-portlouis.bzh\/ecole-sainte-anne\/guerre-en-ukraine\/\" \/>\n<meta property=\"og:locale\" content=\"fr_FR\" \/>\n<meta property=\"og:type\" content=\"article\" \/>\n<meta property=\"og:title\" content=\"Guerre en Ukraine - \u00c9cole Sainte-Anne\" \/>\n<meta property=\"og:description\" content=\"Beaucoup d&rsquo;\u00e9l\u00e8ves avaient entendu parler de la guerre en Ukraine, nous en avons donc parl\u00e9 en classe. Nous avons regard\u00e9 et \u00e9chang\u00e9 autour de diff\u00e9rents articles de presse: 1 jour, [&hellip;]\" \/>\n<meta property=\"og:url\" content=\"https:\/\/steanne-stpierre-portlouis.bzh\/ecole-sainte-anne\/guerre-en-ukraine\/\" \/>\n<meta property=\"og:site_name\" content=\"\u00c9cole Sainte-Anne\" \/>\n<meta property=\"article:published_time\" content=\"2022-03-17T21:18:48+00:00\" \/>\n<meta property=\"article:modified_time\" content=\"2022-03-17T21:18:50+00:00\" \/>\n<meta property=\"og:image\" content=\"https:\/\/steanne-stpierre-portlouis.bzh\/ecole-sainte-anne\/wp-content\/uploads\/sites\/2\/2022\/03\/guerre-en-ukraine.jpg\" \/>\n\t<meta property=\"og:image:width\" content=\"507\" \/>\n\t<meta property=\"og:image:height\" content=\"680\" \/>\n\t<meta property=\"og:image:type\" content=\"image\/jpeg\" \/>\n<meta name=\"author\" content=\"cebrel\" \/>\n<meta name=\"twitter:card\" content=\"summary_large_image\" \/>\n<meta name=\"twitter:label1\" content=\"\u00c9crit par\" \/>\n\t<meta name=\"twitter:data1\" content=\"cebrel\" \/>\n\t<meta name=\"twitter:label2\" content=\"Dur\u00e9e de lecture estim\u00e9e\" \/>\n\t<meta name=\"twitter:data2\" content=\"3 minutes\" \/>\n<script type=\"application\/ld+json\" class=\"yoast-schema-graph\">{\"@context\":\"https:\\\/\\\/schema.org\",\"@graph\":[{\"@type\":\"Article\",\"@id\":\"https:\\\/\\\/steanne-stpierre-portlouis.bzh\\\/ecole-sainte-anne\\\/guerre-en-ukraine\\\/#article\",\"isPartOf\":{\"@id\":\"https:\\\/\\\/steanne-stpierre-portlouis.bzh\\\/ecole-sainte-anne\\\/guerre-en-ukraine\\\/\"},\"author\":{\"name\":\"cebrel\",\"@id\":\"https:\\\/\\\/steanne-stpierre-portlouis.bzh\\\/ecole-sainte-anne\\\/#\\\/schema\\\/person\\\/d0adfd862a9a6e74c46d677e20515de2\"},\"headline\":\"Guerre en Ukraine\",\"datePublished\":\"2022-03-17T21:18:48+00:00\",\"dateModified\":\"2022-03-17T21:18:50+00:00\",\"mainEntityOfPage\":{\"@id\":\"https:\\\/\\\/steanne-stpierre-portlouis.bzh\\\/ecole-sainte-anne\\\/guerre-en-ukraine\\\/\"},\"wordCount\":421,\"publisher\":{\"@id\":\"https:\\\/\\\/steanne-stpierre-portlouis.bzh\\\/ecole-sainte-anne\\\/#organization\"},\"image\":{\"@id\":\"https:\\\/\\\/steanne-stpierre-portlouis.bzh\\\/ecole-sainte-anne\\\/guerre-en-ukraine\\\/#primaryimage\"},\"thumbnailUrl\":\"https:\\\/\\\/steanne-stpierre-portlouis.bzh\\\/ecole-sainte-anne\\\/wp-content\\\/uploads\\\/sites\\\/2\\\/2022\\\/03\\\/guerre-en-ukraine.jpg\",\"articleSection\":[\"CM\",\"Chroniques de classe\"],\"inLanguage\":\"fr-FR\"},{\"@type\":\"WebPage\",\"@id\":\"https:\\\/\\\/steanne-stpierre-portlouis.bzh\\\/ecole-sainte-anne\\\/guerre-en-ukraine\\\/\",\"url\":\"https:\\\/\\\/steanne-stpierre-portlouis.bzh\\\/ecole-sainte-anne\\\/guerre-en-ukraine\\\/\",\"name\":\"Guerre en Ukraine - \u00c9cole Sainte-Anne\",\"isPartOf\":{\"@id\":\"https:\\\/\\\/steanne-stpierre-portlouis.bzh\\\/ecole-sainte-anne\\\/#website\"},\"primaryImageOfPage\":{\"@id\":\"https:\\\/\\\/steanne-stpierre-portlouis.bzh\\\/ecole-sainte-anne\\\/guerre-en-ukraine\\\/#primaryimage\"},\"image\":{\"@id\":\"https:\\\/\\\/steanne-stpierre-portlouis.bzh\\\/ecole-sainte-anne\\\/guerre-en-ukraine\\\/#primaryimage\"},\"thumbnailUrl\":\"https:\\\/\\\/steanne-stpierre-portlouis.bzh\\\/ecole-sainte-anne\\\/wp-content\\\/uploads\\\/sites\\\/2\\\/2022\\\/03\\\/guerre-en-ukraine.jpg\",\"datePublished\":\"2022-03-17T21:18:48+00:00\",\"dateModified\":\"2022-03-17T21:18:50+00:00\",\"breadcrumb\":{\"@id\":\"https:\\\/\\\/steanne-stpierre-portlouis.bzh\\\/ecole-sainte-anne\\\/guerre-en-ukraine\\\/#breadcrumb\"},\"inLanguage\":\"fr-FR\",\"potentialAction\":[{\"@type\":\"ReadAction\",\"target\":[\"https:\\\/\\\/steanne-stpierre-portlouis.bzh\\\/ecole-sainte-anne\\\/guerre-en-ukraine\\\/\"]}]},{\"@type\":\"ImageObject\",\"inLanguage\":\"fr-FR\",\"@id\":\"https:\\\/\\\/steanne-stpierre-portlouis.bzh\\\/ecole-sainte-anne\\\/guerre-en-ukraine\\\/#primaryimage\",\"url\":\"https:\\\/\\\/steanne-stpierre-portlouis.bzh\\\/ecole-sainte-anne\\\/wp-content\\\/uploads\\\/sites\\\/2\\\/2022\\\/03\\\/guerre-en-ukraine.jpg\",\"contentUrl\":\"https:\\\/\\\/steanne-stpierre-portlouis.bzh\\\/ecole-sainte-anne\\\/wp-content\\\/uploads\\\/sites\\\/2\\\/2022\\\/03\\\/guerre-en-ukraine.jpg\",\"width\":507,\"height\":680},{\"@type\":\"BreadcrumbList\",\"@id\":\"https:\\\/\\\/steanne-stpierre-portlouis.bzh\\\/ecole-sainte-anne\\\/guerre-en-ukraine\\\/#breadcrumb\",\"itemListElement\":[{\"@type\":\"ListItem\",\"position\":1,\"name\":\"Accueil\",\"item\":\"https:\\\/\\\/steanne-stpierre-portlouis.bzh\\\/ecole-sainte-anne\\\/\"},{\"@type\":\"ListItem\",\"position\":2,\"name\":\"Guerre en Ukraine\"}]},{\"@type\":\"WebSite\",\"@id\":\"https:\\\/\\\/steanne-stpierre-portlouis.bzh\\\/ecole-sainte-anne\\\/#website\",\"url\":\"https:\\\/\\\/steanne-stpierre-portlouis.bzh\\\/ecole-sainte-anne\\\/\",\"name\":\"\u00c9cole Sainte-Anne\",\"description\":\"Un site utilisant Ensemble scolaire Port Louis\",\"publisher\":{\"@id\":\"https:\\\/\\\/steanne-stpierre-portlouis.bzh\\\/ecole-sainte-anne\\\/#organization\"},\"potentialAction\":[{\"@type\":\"SearchAction\",\"target\":{\"@type\":\"EntryPoint\",\"urlTemplate\":\"https:\\\/\\\/steanne-stpierre-portlouis.bzh\\\/ecole-sainte-anne\\\/?s={search_term_string}\"},\"query-input\":{\"@type\":\"PropertyValueSpecification\",\"valueRequired\":true,\"valueName\":\"search_term_string\"}}],\"inLanguage\":\"fr-FR\"},{\"@type\":\"Organization\",\"@id\":\"https:\\\/\\\/steanne-stpierre-portlouis.bzh\\\/ecole-sainte-anne\\\/#organization\",\"name\":\"\u00c9cole Sainte-Anne\",\"url\":\"https:\\\/\\\/steanne-stpierre-portlouis.bzh\\\/ecole-sainte-anne\\\/\",\"logo\":{\"@type\":\"ImageObject\",\"inLanguage\":\"fr-FR\",\"@id\":\"https:\\\/\\\/steanne-stpierre-portlouis.bzh\\\/ecole-sainte-anne\\\/#\\\/schema\\\/logo\\\/image\\\/\",\"url\":\"https:\\\/\\\/steanne-stpierre-portlouis.bzh\\\/ecole-sainte-anne\\\/wp-content\\\/uploads\\\/sites\\\/2\\\/2021\\\/05\\\/logo-steanne.png\",\"contentUrl\":\"https:\\\/\\\/steanne-stpierre-portlouis.bzh\\\/ecole-sainte-anne\\\/wp-content\\\/uploads\\\/sites\\\/2\\\/2021\\\/05\\\/logo-steanne.png\",\"width\":246,\"height\":187,\"caption\":\"\u00c9cole Sainte-Anne\"},\"image\":{\"@id\":\"https:\\\/\\\/steanne-stpierre-portlouis.bzh\\\/ecole-sainte-anne\\\/#\\\/schema\\\/logo\\\/image\\\/\"}},{\"@type\":\"Person\",\"@id\":\"https:\\\/\\\/steanne-stpierre-portlouis.bzh\\\/ecole-sainte-anne\\\/#\\\/schema\\\/person\\\/d0adfd862a9a6e74c46d677e20515de2\",\"name\":\"cebrel\",\"image\":{\"@type\":\"ImageObject\",\"inLanguage\":\"fr-FR\",\"@id\":\"https:\\\/\\\/secure.gravatar.com\\\/avatar\\\/d50aa45863e19570042f9244386ca85cb7a7a297edbcc113d377a7b15e783a2c?s=96&d=mm&r=g\",\"url\":\"https:\\\/\\\/secure.gravatar.com\\\/avatar\\\/d50aa45863e19570042f9244386ca85cb7a7a297edbcc113d377a7b15e783a2c?s=96&d=mm&r=g\",\"contentUrl\":\"https:\\\/\\\/secure.gravatar.com\\\/avatar\\\/d50aa45863e19570042f9244386ca85cb7a7a297edbcc113d377a7b15e783a2c?s=96&d=mm&r=g\",\"caption\":\"cebrel\"}}]}<\/script>\n<!-- \/ Yoast SEO plugin. -->","yoast_head_json":{"title":"Guerre en Ukraine - \u00c9cole Sainte-Anne","robots":{"index":"index","follow":"follow","max-snippet":"max-snippet:-1","max-image-preview":"max-image-preview:large","max-video-preview":"max-video-preview:-1"},"canonical":"https:\/\/steanne-stpierre-portlouis.bzh\/ecole-sainte-anne\/guerre-en-ukraine\/","og_locale":"fr_FR","og_type":"article","og_title":"Guerre en Ukraine - \u00c9cole Sainte-Anne","og_description":"Beaucoup d&rsquo;\u00e9l\u00e8ves avaient entendu parler de la guerre en Ukraine, nous en avons donc parl\u00e9 en classe. Nous avons regard\u00e9 et \u00e9chang\u00e9 autour de diff\u00e9rents articles de presse: 1 jour, [&hellip;]","og_url":"https:\/\/steanne-stpierre-portlouis.bzh\/ecole-sainte-anne\/guerre-en-ukraine\/","og_site_name":"\u00c9cole Sainte-Anne","article_published_time":"2022-03-17T21:18:48+00:00","article_modified_time":"2022-03-17T21:18:50+00:00","og_image":[{"width":507,"height":680,"url":"https:\/\/steanne-stpierre-portlouis.bzh\/ecole-sainte-anne\/wp-content\/uploads\/sites\/2\/2022\/03\/guerre-en-ukraine.jpg","type":"image\/jpeg"}],"author":"cebrel","twitter_card":"summary_large_image","twitter_misc":{"\u00c9crit par":"cebrel","Dur\u00e9e de lecture estim\u00e9e":"3 minutes"},"schema":{"@context":"https:\/\/schema.org","@graph":[{"@type":"Article","@id":"https:\/\/steanne-stpierre-portlouis.bzh\/ecole-sainte-anne\/guerre-en-ukraine\/#article","isPartOf":{"@id":"https:\/\/steanne-stpierre-portlouis.bzh\/ecole-sainte-anne\/guerre-en-ukraine\/"},"author":{"name":"cebrel","@id":"https:\/\/steanne-stpierre-portlouis.bzh\/ecole-sainte-anne\/#\/schema\/person\/d0adfd862a9a6e74c46d677e20515de2"},"headline":"Guerre en Ukraine","datePublished":"2022-03-17T21:18:48+00:00","dateModified":"2022-03-17T21:18:50+00:00","mainEntityOfPage":{"@id":"https:\/\/steanne-stpierre-portlouis.bzh\/ecole-sainte-anne\/guerre-en-ukraine\/"},"wordCount":421,"publisher":{"@id":"https:\/\/steanne-stpierre-portlouis.bzh\/ecole-sainte-anne\/#organization"},"image":{"@id":"https:\/\/steanne-stpierre-portlouis.bzh\/ecole-sainte-anne\/guerre-en-ukraine\/#primaryimage"},"thumbnailUrl":"https:\/\/steanne-stpierre-portlouis.bzh\/ecole-sainte-anne\/wp-content\/uploads\/sites\/2\/2022\/03\/guerre-en-ukraine.jpg","articleSection":["CM","Chroniques de classe"],"inLanguage":"fr-FR"},{"@type":"WebPage","@id":"https:\/\/steanne-stpierre-portlouis.bzh\/ecole-sainte-anne\/guerre-en-ukraine\/","url":"https:\/\/steanne-stpierre-portlouis.bzh\/ecole-sainte-anne\/guerre-en-ukraine\/","name":"Guerre en Ukraine - \u00c9cole Sainte-Anne","isPartOf":{"@id":"https:\/\/steanne-stpierre-portlouis.bzh\/ecole-sainte-anne\/#website"},"primaryImageOfPage":{"@id":"https:\/\/steanne-stpierre-portlouis.bzh\/ecole-sainte-anne\/guerre-en-ukraine\/#primaryimage"},"image":{"@id":"https:\/\/steanne-stpierre-portlouis.bzh\/ecole-sainte-anne\/guerre-en-ukraine\/#primaryimage"},"thumbnailUrl":"https:\/\/steanne-stpierre-portlouis.bzh\/ecole-sainte-anne\/wp-content\/uploads\/sites\/2\/2022\/03\/guerre-en-ukraine.jpg","datePublished":"2022-03-17T21:18:48+00:00","dateModified":"2022-03-17T21:18:50+00:00","breadcrumb":{"@id":"https:\/\/steanne-stpierre-portlouis.bzh\/ecole-sainte-anne\/guerre-en-ukraine\/#breadcrumb"},"inLanguage":"fr-FR","potentialAction":[{"@type":"ReadAction","target":["https:\/\/steanne-stpierre-portlouis.bzh\/ecole-sainte-anne\/guerre-en-ukraine\/"]}]},{"@type":"ImageObject","inLanguage":"fr-FR","@id":"https:\/\/steanne-stpierre-portlouis.bzh\/ecole-sainte-anne\/guerre-en-ukraine\/#primaryimage","url":"https:\/\/steanne-stpierre-portlouis.bzh\/ecole-sainte-anne\/wp-content\/uploads\/sites\/2\/2022\/03\/guerre-en-ukraine.jpg","contentUrl":"https:\/\/steanne-stpierre-portlouis.bzh\/ecole-sainte-anne\/wp-content\/uploads\/sites\/2\/2022\/03\/guerre-en-ukraine.jpg","width":507,"height":680},{"@type":"BreadcrumbList","@id":"https:\/\/steanne-stpierre-portlouis.bzh\/ecole-sainte-anne\/guerre-en-ukraine\/#breadcrumb","itemListElement":[{"@type":"ListItem","position":1,"name":"Accueil","item":"https:\/\/steanne-stpierre-portlouis.bzh\/ecole-sainte-anne\/"},{"@type":"ListItem","position":2,"name":"Guerre en Ukraine"}]},{"@type":"WebSite","@id":"https:\/\/steanne-stpierre-portlouis.bzh\/ecole-sainte-anne\/#website","url":"https:\/\/steanne-stpierre-portlouis.bzh\/ecole-sainte-anne\/","name":"\u00c9cole Sainte-Anne","description":"Un site utilisant Ensemble scolaire Port Louis","publisher":{"@id":"https:\/\/steanne-stpierre-portlouis.bzh\/ecole-sainte-anne\/#organization"},"potentialAction":[{"@type":"SearchAction","target":{"@type":"EntryPoint","urlTemplate":"https:\/\/steanne-stpierre-portlouis.bzh\/ecole-sainte-anne\/?s={search_term_string}"},"query-input":{"@type":"PropertyValueSpecification","valueRequired":true,"valueName":"search_term_string"}}],"inLanguage":"fr-FR"},{"@type":"Organization","@id":"https:\/\/steanne-stpierre-portlouis.bzh\/ecole-sainte-anne\/#organization","name":"\u00c9cole Sainte-Anne","url":"https:\/\/steanne-stpierre-portlouis.bzh\/ecole-sainte-anne\/","logo":{"@type":"ImageObject","inLanguage":"fr-FR","@id":"https:\/\/steanne-stpierre-portlouis.bzh\/ecole-sainte-anne\/#\/schema\/logo\/image\/","url":"https:\/\/steanne-stpierre-portlouis.bzh\/ecole-sainte-anne\/wp-content\/uploads\/sites\/2\/2021\/05\/logo-steanne.png","contentUrl":"https:\/\/steanne-stpierre-portlouis.bzh\/ecole-sainte-anne\/wp-content\/uploads\/sites\/2\/2021\/05\/logo-steanne.png","width":246,"height":187,"caption":"\u00c9cole Sainte-Anne"},"image":{"@id":"https:\/\/steanne-stpierre-portlouis.bzh\/ecole-sainte-anne\/#\/schema\/logo\/image\/"}},{"@type":"Person","@id":"https:\/\/steanne-stpierre-portlouis.bzh\/ecole-sainte-anne\/#\/schema\/person\/d0adfd862a9a6e74c46d677e20515de2","name":"cebrel","image":{"@type":"ImageObject","inLanguage":"fr-FR","@id":"https:\/\/secure.gravatar.com\/avatar\/d50aa45863e19570042f9244386ca85cb7a7a297edbcc113d377a7b15e783a2c?s=96&d=mm&r=g","url":"https:\/\/secure.gravatar.com\/avatar\/d50aa45863e19570042f9244386ca85cb7a7a297edbcc113d377a7b15e783a2c?s=96&d=mm&r=g","contentUrl":"https:\/\/secure.gravatar.com\/avatar\/d50aa45863e19570042f9244386ca85cb7a7a297edbcc113d377a7b15e783a2c?s=96&d=mm&r=g","caption":"cebrel"}}]}},"_links":{"self":[{"href":"https:\/\/steanne-stpierre-portlouis.bzh\/ecole-sainte-anne\/wp-json\/wp\/v2\/posts\/1504","targetHints":{"allow":["GET"]}}],"collection":[{"href":"https:\/\/steanne-stpierre-portlouis.bzh\/ecole-sainte-anne\/wp-json\/wp\/v2\/posts"}],"about":[{"href":"https:\/\/steanne-stpierre-portlouis.bzh\/ecole-sainte-anne\/wp-json\/wp\/v2\/types\/post"}],"author":[{"embeddable":true,"href":"https:\/\/steanne-stpierre-portlouis.bzh\/ecole-sainte-anne\/wp-json\/wp\/v2\/users\/4"}],"replies":[{"embeddable":true,"href":"https:\/\/steanne-stpierre-portlouis.bzh\/ecole-sainte-anne\/wp-json\/wp\/v2\/comments?post=1504"}],"version-history":[{"count":2,"href":"https:\/\/steanne-stpierre-portlouis.bzh\/ecole-sainte-anne\/wp-json\/wp\/v2\/posts\/1504\/revisions"}],"predecessor-version":[{"id":1509,"href":"https:\/\/steanne-stpierre-portlouis.bzh\/ecole-sainte-anne\/wp-json\/wp\/v2\/posts\/1504\/revisions\/1509"}],"wp:featuredmedia":[{"embeddable":true,"href":"https:\/\/steanne-stpierre-portlouis.bzh\/ecole-sainte-anne\/wp-json\/wp\/v2\/media\/1505"}],"wp:attachment":[{"href":"https:\/\/steanne-stpierre-portlouis.bzh\/ecole-sainte-anne\/wp-json\/wp\/v2\/media?parent=1504"}],"wp:term":[{"taxonomy":"category","embeddable":true,"href":"https:\/\/steanne-stpierre-portlouis.bzh\/ecole-sainte-anne\/wp-json\/wp\/v2\/categories?post=1504"},{"taxonomy":"post_tag","embeddable":true,"href":"https:\/\/steanne-stpierre-portlouis.bzh\/ecole-sainte-anne\/wp-json\/wp\/v2\/tags?post=1504"}],"curies":[{"name":"wp","href":"https:\/\/api.w.org\/{rel}","templated":true}]}}