{"id":3003,"date":"2023-05-28T21:29:41","date_gmt":"2023-05-28T19:29:41","guid":{"rendered":"https:\/\/steanne-stpierre-portlouis.bzh\/ecole-sainte-anne\/?p=3003"},"modified":"2023-05-29T07:36:30","modified_gmt":"2023-05-29T05:36:30","slug":"semaine-des-langues-2023","status":"publish","type":"post","link":"https:\/\/steanne-stpierre-portlouis.bzh\/ecole-sainte-anne\/semaine-des-langues-2023\/","title":{"rendered":"SEMAINE DES LANGUES 2023 :"},"content":{"rendered":"\n<p class=\"has-text-align-center has-white-color has-rose-background-color has-text-color has-background has-larger-font-size\"><strong>\u00ab\u00a0l&rsquo;important, c&rsquo;est de communiquer !\u00a0\u00bb<\/strong><\/p>\n\n\n\n<p class=\"has-text-align-center has-orange-color has-text-color\"><strong>Pour lancer la semaine des langues \u00e0 l&rsquo;\u00e9cole nous avons tous chant\u00e9 ensemble : <\/strong><\/p>\n\n\n\n<p class=\"has-text-align-center has-orange-color has-text-color\"><strong>\u00ab\u00a0Dire bonjour, c&rsquo;est joli !\u00a0\u00bb (Les enfantastiques)<\/strong><\/p>\n\n\n\n<p><\/p>\n\n\n\n<div class=\"wp-block-media-text alignwide is-stacked-on-mobile\" style=\"grid-template-columns:27% auto\"><figure class=\"wp-block-media-text__media\"><img decoding=\"async\" width=\"768\" height=\"1024\" src=\"https:\/\/steanne-stpierre-portlouis.bzh\/ecole-sainte-anne\/wp-content\/uploads\/sites\/2\/2023\/05\/GB-1-compressed-768x1024.jpg\" alt=\"\" class=\"wp-image-3045 size-full\" srcset=\"https:\/\/steanne-stpierre-portlouis.bzh\/ecole-sainte-anne\/wp-content\/uploads\/sites\/2\/2023\/05\/GB-1-compressed-768x1024.jpg 768w, https:\/\/steanne-stpierre-portlouis.bzh\/ecole-sainte-anne\/wp-content\/uploads\/sites\/2\/2023\/05\/GB-1-compressed-225x300.jpg 225w, https:\/\/steanne-stpierre-portlouis.bzh\/ecole-sainte-anne\/wp-content\/uploads\/sites\/2\/2023\/05\/GB-1-compressed-1152x1536.jpg 1152w, https:\/\/steanne-stpierre-portlouis.bzh\/ecole-sainte-anne\/wp-content\/uploads\/sites\/2\/2023\/05\/GB-1-compressed.jpg 1440w\" sizes=\"(max-width: 768px) 100vw, 768px\" \/><\/figure><div class=\"wp-block-media-text__content\">\n<p><\/p>\n\n\n\n<p><\/p>\n\n\n\n<p class=\"has-violet-color has-text-color\">D\u00e9couverte du jeu de <strong>skippyroo<\/strong> (jeu traditionnel australien)<\/p>\n\n\n\n<p class=\"has-text-color has-background\" style=\"color:#6c1696;background-color:#b395b8\">\u00ab&nbsp;Skippyroo, kangaroo, dozing in the midday sun, comes a hunter, run, run, run&nbsp;! \u00bb<\/p>\n\n\n\n<p><\/p>\n\n\n\n<p><\/p>\n\n\n\n<p><\/p>\n\n\n\n<p><\/p>\n\n\n\n<p><\/p>\n\n\n\n<p><\/p>\n\n\n\n<p class=\"has-orange-color has-text-color has-larger-font-size\"><\/p>\n<\/div><\/div>\n\n\n\n<div class=\"wp-block-columns is-layout-flex wp-container-core-columns-is-layout-9d6595d7 wp-block-columns-is-layout-flex\">\n<div class=\"wp-block-column is-layout-flow wp-block-column-is-layout-flow\" style=\"flex-basis:100%\">\n<div class=\"wp-block-group\"><div class=\"wp-block-group__inner-container is-layout-constrained wp-block-group-is-layout-constrained\">\n<div class=\"wp-block-media-text alignwide is-stacked-on-mobile\"><figure class=\"wp-block-media-text__media\"><img decoding=\"async\" width=\"768\" height=\"1024\" src=\"https:\/\/steanne-stpierre-portlouis.bzh\/ecole-sainte-anne\/wp-content\/uploads\/sites\/2\/2023\/05\/GB-5-compressed-768x1024.jpg\" alt=\"\" class=\"wp-image-3047 size-full\" srcset=\"https:\/\/steanne-stpierre-portlouis.bzh\/ecole-sainte-anne\/wp-content\/uploads\/sites\/2\/2023\/05\/GB-5-compressed-768x1024.jpg 768w, https:\/\/steanne-stpierre-portlouis.bzh\/ecole-sainte-anne\/wp-content\/uploads\/sites\/2\/2023\/05\/GB-5-compressed-225x300.jpg 225w, https:\/\/steanne-stpierre-portlouis.bzh\/ecole-sainte-anne\/wp-content\/uploads\/sites\/2\/2023\/05\/GB-5-compressed-1152x1536.jpg 1152w, https:\/\/steanne-stpierre-portlouis.bzh\/ecole-sainte-anne\/wp-content\/uploads\/sites\/2\/2023\/05\/GB-5-compressed.jpg 1440w\" sizes=\"(max-width: 768px) 100vw, 768px\" \/><\/figure><div class=\"wp-block-media-text__content\">\n<p class=\"has-orange-color has-text-color\"><strong>BORN IN THE USA !<\/strong><\/p>\n\n\n\n<p>Colin, le papa de Maeva nous a fait d\u00e9couvrir son pays d&rsquo;origine.<\/p>\n<\/div><\/div>\n<\/div><\/div>\n<\/div>\n<\/div>\n\n\n\n<p><\/p>\n\n\n\n<div class=\"wp-block-media-text alignwide is-stacked-on-mobile\" style=\"grid-template-columns:36% auto\"><figure class=\"wp-block-media-text__media\"><img decoding=\"async\" width=\"768\" height=\"1024\" src=\"https:\/\/steanne-stpierre-portlouis.bzh\/ecole-sainte-anne\/wp-content\/uploads\/sites\/2\/2023\/05\/thumbnail_IMG_9299-compressed-768x1024.jpg\" alt=\"\" class=\"wp-image-3057 size-full\" srcset=\"https:\/\/steanne-stpierre-portlouis.bzh\/ecole-sainte-anne\/wp-content\/uploads\/sites\/2\/2023\/05\/thumbnail_IMG_9299-compressed-768x1024.jpg 768w, https:\/\/steanne-stpierre-portlouis.bzh\/ecole-sainte-anne\/wp-content\/uploads\/sites\/2\/2023\/05\/thumbnail_IMG_9299-compressed-225x300.jpg 225w, https:\/\/steanne-stpierre-portlouis.bzh\/ecole-sainte-anne\/wp-content\/uploads\/sites\/2\/2023\/05\/thumbnail_IMG_9299-compressed-1152x1536.jpg 1152w, https:\/\/steanne-stpierre-portlouis.bzh\/ecole-sainte-anne\/wp-content\/uploads\/sites\/2\/2023\/05\/thumbnail_IMG_9299-compressed.jpg 1440w\" sizes=\"(max-width: 768px) 100vw, 768px\" \/><\/figure><div class=\"wp-block-media-text__content\">\n<p class=\"has-text-color\" style=\"color:#dd0d0d\"><strong>Nous avions \u00e9cout\u00e9 la veille l&rsquo;hymne national am\u00e9ricain.<\/strong><\/p>\n<\/div><\/div>\n\n\n\n<div class=\"wp-block-media-text alignwide is-stacked-on-mobile\"><figure class=\"wp-block-media-text__media\"><img decoding=\"async\" width=\"1024\" height=\"768\" src=\"https:\/\/steanne-stpierre-portlouis.bzh\/ecole-sainte-anne\/wp-content\/uploads\/sites\/2\/2023\/05\/thumbnail_IMG_9293-compressed-1024x768.jpg\" alt=\"\" class=\"wp-image-3058 size-full\" srcset=\"https:\/\/steanne-stpierre-portlouis.bzh\/ecole-sainte-anne\/wp-content\/uploads\/sites\/2\/2023\/05\/thumbnail_IMG_9293-compressed-1024x768.jpg 1024w, https:\/\/steanne-stpierre-portlouis.bzh\/ecole-sainte-anne\/wp-content\/uploads\/sites\/2\/2023\/05\/thumbnail_IMG_9293-compressed-300x225.jpg 300w, https:\/\/steanne-stpierre-portlouis.bzh\/ecole-sainte-anne\/wp-content\/uploads\/sites\/2\/2023\/05\/thumbnail_IMG_9293-compressed-768x576.jpg 768w, https:\/\/steanne-stpierre-portlouis.bzh\/ecole-sainte-anne\/wp-content\/uploads\/sites\/2\/2023\/05\/thumbnail_IMG_9293-compressed-1536x1152.jpg 1536w, https:\/\/steanne-stpierre-portlouis.bzh\/ecole-sainte-anne\/wp-content\/uploads\/sites\/2\/2023\/05\/thumbnail_IMG_9293-compressed.jpg 1920w\" sizes=\"(max-width: 1024px) 100vw, 1024px\" \/><\/figure><div class=\"wp-block-media-text__content\">\n<p class=\"has-text-color\" style=\"color:#0b7626\"><strong>Des paysages tr\u00e8s vari\u00e9s !<\/strong><\/p>\n<\/div><\/div>\n\n\n\n<div class=\"wp-block-columns alignwide is-layout-flex wp-container-core-columns-is-layout-9d6595d7 wp-block-columns-is-layout-flex\">\n<div class=\"wp-block-column is-vertically-aligned-center is-layout-flow wp-block-column-is-layout-flow\" style=\"flex-basis:29%\">\n<figure class=\"wp-block-gallery aligncenter has-nested-images columns-default is-cropped wp-block-gallery-1 is-layout-flex wp-block-gallery-is-layout-flex\">\n<figure class=\"wp-block-image size-large\"><img decoding=\"async\" width=\"768\" height=\"1024\" data-id=\"3059\" src=\"https:\/\/steanne-stpierre-portlouis.bzh\/ecole-sainte-anne\/wp-content\/uploads\/sites\/2\/2023\/05\/GB-6-compressed-1-768x1024.jpg\" alt=\"\" class=\"wp-image-3059\" srcset=\"https:\/\/steanne-stpierre-portlouis.bzh\/ecole-sainte-anne\/wp-content\/uploads\/sites\/2\/2023\/05\/GB-6-compressed-1-768x1024.jpg 768w, https:\/\/steanne-stpierre-portlouis.bzh\/ecole-sainte-anne\/wp-content\/uploads\/sites\/2\/2023\/05\/GB-6-compressed-1-225x300.jpg 225w, https:\/\/steanne-stpierre-portlouis.bzh\/ecole-sainte-anne\/wp-content\/uploads\/sites\/2\/2023\/05\/GB-6-compressed-1-1152x1536.jpg 1152w, https:\/\/steanne-stpierre-portlouis.bzh\/ecole-sainte-anne\/wp-content\/uploads\/sites\/2\/2023\/05\/GB-6-compressed-1.jpg 1440w\" sizes=\"(max-width: 768px) 100vw, 768px\" \/><\/figure>\n<\/figure>\n<\/div>\n\n\n\n<div class=\"wp-block-column is-layout-flow wp-block-column-is-layout-flow\" style=\"flex-basis:71%\">\n<p><\/p>\n\n\n\n<p><\/p>\n\n\n\n<p><\/p>\n\n\n\n<p class=\"has-jaune-color has-text-color\"><strong>Les bus scolaires sont tous jaunes !<\/strong><\/p>\n<\/div>\n<\/div>\n\n\n\n<div class=\"wp-block-columns is-layout-flex wp-container-core-columns-is-layout-9d6595d7 wp-block-columns-is-layout-flex\">\n<div class=\"wp-block-column is-layout-flow wp-block-column-is-layout-flow\" style=\"flex-basis:100%\">\n<div class=\"wp-block-media-text alignwide is-stacked-on-mobile\"><figure class=\"wp-block-media-text__media\"><img decoding=\"async\" width=\"768\" height=\"1024\" src=\"https:\/\/steanne-stpierre-portlouis.bzh\/ecole-sainte-anne\/wp-content\/uploads\/sites\/2\/2023\/05\/thumbnail_IMG_9300-compressed-768x1024.jpg\" alt=\"\" class=\"wp-image-3054 size-full\" srcset=\"https:\/\/steanne-stpierre-portlouis.bzh\/ecole-sainte-anne\/wp-content\/uploads\/sites\/2\/2023\/05\/thumbnail_IMG_9300-compressed-768x1024.jpg 768w, https:\/\/steanne-stpierre-portlouis.bzh\/ecole-sainte-anne\/wp-content\/uploads\/sites\/2\/2023\/05\/thumbnail_IMG_9300-compressed-225x300.jpg 225w, https:\/\/steanne-stpierre-portlouis.bzh\/ecole-sainte-anne\/wp-content\/uploads\/sites\/2\/2023\/05\/thumbnail_IMG_9300-compressed-1152x1536.jpg 1152w, https:\/\/steanne-stpierre-portlouis.bzh\/ecole-sainte-anne\/wp-content\/uploads\/sites\/2\/2023\/05\/thumbnail_IMG_9300-compressed.jpg 1440w\" sizes=\"(max-width: 768px) 100vw, 768px\" \/><\/figure><div class=\"wp-block-media-text__content\">\n<p>     Des petites douceurs pour le go\u00fbter :<\/p>\n\n\n\n<p class=\"has-text-color\" style=\"color:#604a4a\">                  <strong>AMERICAN COOKIES !<\/strong><\/p>\n<\/div><\/div>\n<\/div>\n<\/div>\n\n\n<div class=\"wp-block-image\">\n<figure class=\"aligncenter size-large is-resized\"><img decoding=\"async\" src=\"https:\/\/steanne-stpierre-portlouis.bzh\/ecole-sainte-anne\/wp-content\/uploads\/sites\/2\/2023\/05\/thumbnail_IMG_9303-compressed-768x1024.jpg\" alt=\"\" class=\"wp-image-3055\" width=\"402\" height=\"536\" srcset=\"https:\/\/steanne-stpierre-portlouis.bzh\/ecole-sainte-anne\/wp-content\/uploads\/sites\/2\/2023\/05\/thumbnail_IMG_9303-compressed-768x1024.jpg 768w, https:\/\/steanne-stpierre-portlouis.bzh\/ecole-sainte-anne\/wp-content\/uploads\/sites\/2\/2023\/05\/thumbnail_IMG_9303-compressed-225x300.jpg 225w, https:\/\/steanne-stpierre-portlouis.bzh\/ecole-sainte-anne\/wp-content\/uploads\/sites\/2\/2023\/05\/thumbnail_IMG_9303-compressed-1152x1536.jpg 1152w, https:\/\/steanne-stpierre-portlouis.bzh\/ecole-sainte-anne\/wp-content\/uploads\/sites\/2\/2023\/05\/thumbnail_IMG_9303-compressed.jpg 1440w\" sizes=\"(max-width: 402px) 100vw, 402px\" \/><\/figure>\n<\/div>\n\n\n<p class=\"has-rose-color has-text-color\">                                      <strong>MERCI BEAUCOUP COLIN ET MAEVA POUR CE PARTAGE !<\/strong><\/p>\n\n\n<div class=\"wp-block-image\">\n<figure class=\"aligncenter\"><img decoding=\"async\" width=\"768\" height=\"1024\" src=\"https:\/\/steanne-stpierre-portlouis.bzh\/ecole-sainte-anne\/wp-content\/uploads\/sites\/2\/2023\/05\/thumbnail_IMG_9301-compressed-768x1024.jpg\" alt=\"\" class=\"wp-image-3056\" srcset=\"https:\/\/steanne-stpierre-portlouis.bzh\/ecole-sainte-anne\/wp-content\/uploads\/sites\/2\/2023\/05\/thumbnail_IMG_9301-compressed-768x1024.jpg 768w, https:\/\/steanne-stpierre-portlouis.bzh\/ecole-sainte-anne\/wp-content\/uploads\/sites\/2\/2023\/05\/thumbnail_IMG_9301-compressed-225x300.jpg 225w, https:\/\/steanne-stpierre-portlouis.bzh\/ecole-sainte-anne\/wp-content\/uploads\/sites\/2\/2023\/05\/thumbnail_IMG_9301-compressed-1152x1536.jpg 1152w, https:\/\/steanne-stpierre-portlouis.bzh\/ecole-sainte-anne\/wp-content\/uploads\/sites\/2\/2023\/05\/thumbnail_IMG_9301-compressed.jpg 1440w\" sizes=\"(max-width: 768px) 100vw, 768px\" \/><\/figure>\n<\/div>","protected":false},"excerpt":{"rendered":"<p>\u00ab\u00a0l&rsquo;important, c&rsquo;est de communiquer !\u00a0\u00bb Pour lancer la semaine des langues \u00e0 l&rsquo;\u00e9cole nous avons tous chant\u00e9 ensemble : \u00ab\u00a0Dire bonjour, c&rsquo;est joli !\u00a0\u00bb (Les enfantastiques) D\u00e9couverte du jeu de [&hellip;]<\/p>\n","protected":false},"author":3,"featured_media":3075,"comment_status":"closed","ping_status":"closed","sticky":false,"template":"","format":"standard","meta":{"_acf_changed":false,"footnotes":""},"categories":[30,26],"tags":[],"class_list":["post-3003","post","type-post","status-publish","format-standard","has-post-thumbnail","hentry","category-gs-cp","category-chroniques-de-classe-diversses"],"acf":[],"yoast_head":"<!-- This site is optimized with the Yoast SEO plugin v27.5 - https:\/\/yoast.com\/product\/yoast-seo-wordpress\/ -->\n<title>SEMAINE DES LANGUES 2023 : - \u00c9cole Sainte-Anne<\/title>\n<meta name=\"robots\" content=\"index, follow, max-snippet:-1, max-image-preview:large, max-video-preview:-1\" \/>\n<link rel=\"canonical\" href=\"https:\/\/steanne-stpierre-portlouis.bzh\/ecole-sainte-anne\/semaine-des-langues-2023\/\" \/>\n<meta property=\"og:locale\" content=\"fr_FR\" \/>\n<meta property=\"og:type\" content=\"article\" \/>\n<meta property=\"og:title\" content=\"SEMAINE DES LANGUES 2023 : - \u00c9cole Sainte-Anne\" \/>\n<meta property=\"og:description\" content=\"\u00ab\u00a0l&rsquo;important, c&rsquo;est de communiquer !\u00a0\u00bb Pour lancer la semaine des langues \u00e0 l&rsquo;\u00e9cole nous avons tous chant\u00e9 ensemble : \u00ab\u00a0Dire bonjour, c&rsquo;est joli !\u00a0\u00bb (Les enfantastiques) D\u00e9couverte du jeu de [&hellip;]\" \/>\n<meta property=\"og:url\" content=\"https:\/\/steanne-stpierre-portlouis.bzh\/ecole-sainte-anne\/semaine-des-langues-2023\/\" \/>\n<meta property=\"og:site_name\" content=\"\u00c9cole Sainte-Anne\" \/>\n<meta property=\"article:published_time\" content=\"2023-05-28T19:29:41+00:00\" \/>\n<meta property=\"article:modified_time\" content=\"2023-05-29T05:36:30+00:00\" \/>\n<meta property=\"og:image\" content=\"https:\/\/steanne-stpierre-portlouis.bzh\/ecole-sainte-anne\/wp-content\/uploads\/sites\/2\/2023\/05\/Capture-decran-2023-05-29-072849.png\" \/>\n\t<meta property=\"og:image:width\" content=\"287\" \/>\n\t<meta property=\"og:image:height\" content=\"149\" \/>\n\t<meta property=\"og:image:type\" content=\"image\/png\" \/>\n<meta name=\"author\" content=\"lquemeneur\" \/>\n<meta name=\"twitter:card\" content=\"summary_large_image\" \/>\n<meta name=\"twitter:label1\" content=\"\u00c9crit par\" \/>\n\t<meta name=\"twitter:data1\" content=\"lquemeneur\" \/>\n\t<meta name=\"twitter:label2\" content=\"Dur\u00e9e de lecture estim\u00e9e\" \/>\n\t<meta name=\"twitter:data2\" content=\"3 minutes\" \/>\n<script type=\"application\/ld+json\" class=\"yoast-schema-graph\">{\"@context\":\"https:\\\/\\\/schema.org\",\"@graph\":[{\"@type\":\"Article\",\"@id\":\"https:\\\/\\\/steanne-stpierre-portlouis.bzh\\\/ecole-sainte-anne\\\/semaine-des-langues-2023\\\/#article\",\"isPartOf\":{\"@id\":\"https:\\\/\\\/steanne-stpierre-portlouis.bzh\\\/ecole-sainte-anne\\\/semaine-des-langues-2023\\\/\"},\"author\":{\"name\":\"lquemeneur\",\"@id\":\"https:\\\/\\\/steanne-stpierre-portlouis.bzh\\\/ecole-sainte-anne\\\/#\\\/schema\\\/person\\\/b71569dca6283076206bc8fc9e6efcce\"},\"headline\":\"SEMAINE DES LANGUES 2023 :\",\"datePublished\":\"2023-05-28T19:29:41+00:00\",\"dateModified\":\"2023-05-29T05:36:30+00:00\",\"mainEntityOfPage\":{\"@id\":\"https:\\\/\\\/steanne-stpierre-portlouis.bzh\\\/ecole-sainte-anne\\\/semaine-des-langues-2023\\\/\"},\"wordCount\":110,\"publisher\":{\"@id\":\"https:\\\/\\\/steanne-stpierre-portlouis.bzh\\\/ecole-sainte-anne\\\/#organization\"},\"image\":{\"@id\":\"https:\\\/\\\/steanne-stpierre-portlouis.bzh\\\/ecole-sainte-anne\\\/semaine-des-langues-2023\\\/#primaryimage\"},\"thumbnailUrl\":\"https:\\\/\\\/steanne-stpierre-portlouis.bzh\\\/ecole-sainte-anne\\\/wp-content\\\/uploads\\\/sites\\\/2\\\/2023\\\/05\\\/Capture-decran-2023-05-29-072849.png\",\"articleSection\":[\"GS-CP\",\"Chroniques de classes diverses\"],\"inLanguage\":\"fr-FR\"},{\"@type\":\"WebPage\",\"@id\":\"https:\\\/\\\/steanne-stpierre-portlouis.bzh\\\/ecole-sainte-anne\\\/semaine-des-langues-2023\\\/\",\"url\":\"https:\\\/\\\/steanne-stpierre-portlouis.bzh\\\/ecole-sainte-anne\\\/semaine-des-langues-2023\\\/\",\"name\":\"SEMAINE DES LANGUES 2023 : - \u00c9cole Sainte-Anne\",\"isPartOf\":{\"@id\":\"https:\\\/\\\/steanne-stpierre-portlouis.bzh\\\/ecole-sainte-anne\\\/#website\"},\"primaryImageOfPage\":{\"@id\":\"https:\\\/\\\/steanne-stpierre-portlouis.bzh\\\/ecole-sainte-anne\\\/semaine-des-langues-2023\\\/#primaryimage\"},\"image\":{\"@id\":\"https:\\\/\\\/steanne-stpierre-portlouis.bzh\\\/ecole-sainte-anne\\\/semaine-des-langues-2023\\\/#primaryimage\"},\"thumbnailUrl\":\"https:\\\/\\\/steanne-stpierre-portlouis.bzh\\\/ecole-sainte-anne\\\/wp-content\\\/uploads\\\/sites\\\/2\\\/2023\\\/05\\\/Capture-decran-2023-05-29-072849.png\",\"datePublished\":\"2023-05-28T19:29:41+00:00\",\"dateModified\":\"2023-05-29T05:36:30+00:00\",\"breadcrumb\":{\"@id\":\"https:\\\/\\\/steanne-stpierre-portlouis.bzh\\\/ecole-sainte-anne\\\/semaine-des-langues-2023\\\/#breadcrumb\"},\"inLanguage\":\"fr-FR\",\"potentialAction\":[{\"@type\":\"ReadAction\",\"target\":[\"https:\\\/\\\/steanne-stpierre-portlouis.bzh\\\/ecole-sainte-anne\\\/semaine-des-langues-2023\\\/\"]}]},{\"@type\":\"ImageObject\",\"inLanguage\":\"fr-FR\",\"@id\":\"https:\\\/\\\/steanne-stpierre-portlouis.bzh\\\/ecole-sainte-anne\\\/semaine-des-langues-2023\\\/#primaryimage\",\"url\":\"https:\\\/\\\/steanne-stpierre-portlouis.bzh\\\/ecole-sainte-anne\\\/wp-content\\\/uploads\\\/sites\\\/2\\\/2023\\\/05\\\/Capture-decran-2023-05-29-072849.png\",\"contentUrl\":\"https:\\\/\\\/steanne-stpierre-portlouis.bzh\\\/ecole-sainte-anne\\\/wp-content\\\/uploads\\\/sites\\\/2\\\/2023\\\/05\\\/Capture-decran-2023-05-29-072849.png\",\"width\":287,\"height\":149},{\"@type\":\"BreadcrumbList\",\"@id\":\"https:\\\/\\\/steanne-stpierre-portlouis.bzh\\\/ecole-sainte-anne\\\/semaine-des-langues-2023\\\/#breadcrumb\",\"itemListElement\":[{\"@type\":\"ListItem\",\"position\":1,\"name\":\"Accueil\",\"item\":\"https:\\\/\\\/steanne-stpierre-portlouis.bzh\\\/ecole-sainte-anne\\\/\"},{\"@type\":\"ListItem\",\"position\":2,\"name\":\"SEMAINE DES LANGUES 2023 :\"}]},{\"@type\":\"WebSite\",\"@id\":\"https:\\\/\\\/steanne-stpierre-portlouis.bzh\\\/ecole-sainte-anne\\\/#website\",\"url\":\"https:\\\/\\\/steanne-stpierre-portlouis.bzh\\\/ecole-sainte-anne\\\/\",\"name\":\"\u00c9cole Sainte-Anne\",\"description\":\"Un site utilisant Ensemble scolaire Port Louis\",\"publisher\":{\"@id\":\"https:\\\/\\\/steanne-stpierre-portlouis.bzh\\\/ecole-sainte-anne\\\/#organization\"},\"potentialAction\":[{\"@type\":\"SearchAction\",\"target\":{\"@type\":\"EntryPoint\",\"urlTemplate\":\"https:\\\/\\\/steanne-stpierre-portlouis.bzh\\\/ecole-sainte-anne\\\/?s={search_term_string}\"},\"query-input\":{\"@type\":\"PropertyValueSpecification\",\"valueRequired\":true,\"valueName\":\"search_term_string\"}}],\"inLanguage\":\"fr-FR\"},{\"@type\":\"Organization\",\"@id\":\"https:\\\/\\\/steanne-stpierre-portlouis.bzh\\\/ecole-sainte-anne\\\/#organization\",\"name\":\"\u00c9cole Sainte-Anne\",\"url\":\"https:\\\/\\\/steanne-stpierre-portlouis.bzh\\\/ecole-sainte-anne\\\/\",\"logo\":{\"@type\":\"ImageObject\",\"inLanguage\":\"fr-FR\",\"@id\":\"https:\\\/\\\/steanne-stpierre-portlouis.bzh\\\/ecole-sainte-anne\\\/#\\\/schema\\\/logo\\\/image\\\/\",\"url\":\"https:\\\/\\\/steanne-stpierre-portlouis.bzh\\\/ecole-sainte-anne\\\/wp-content\\\/uploads\\\/sites\\\/2\\\/2021\\\/05\\\/logo-steanne.png\",\"contentUrl\":\"https:\\\/\\\/steanne-stpierre-portlouis.bzh\\\/ecole-sainte-anne\\\/wp-content\\\/uploads\\\/sites\\\/2\\\/2021\\\/05\\\/logo-steanne.png\",\"width\":246,\"height\":187,\"caption\":\"\u00c9cole Sainte-Anne\"},\"image\":{\"@id\":\"https:\\\/\\\/steanne-stpierre-portlouis.bzh\\\/ecole-sainte-anne\\\/#\\\/schema\\\/logo\\\/image\\\/\"}},{\"@type\":\"Person\",\"@id\":\"https:\\\/\\\/steanne-stpierre-portlouis.bzh\\\/ecole-sainte-anne\\\/#\\\/schema\\\/person\\\/b71569dca6283076206bc8fc9e6efcce\",\"name\":\"lquemeneur\",\"image\":{\"@type\":\"ImageObject\",\"inLanguage\":\"fr-FR\",\"@id\":\"https:\\\/\\\/secure.gravatar.com\\\/avatar\\\/289f8d821df479f8902f0f1eef04e7f006c23624d3de5d9a7758a1ed54ee4baa?s=96&d=mm&r=g\",\"url\":\"https:\\\/\\\/secure.gravatar.com\\\/avatar\\\/289f8d821df479f8902f0f1eef04e7f006c23624d3de5d9a7758a1ed54ee4baa?s=96&d=mm&r=g\",\"contentUrl\":\"https:\\\/\\\/secure.gravatar.com\\\/avatar\\\/289f8d821df479f8902f0f1eef04e7f006c23624d3de5d9a7758a1ed54ee4baa?s=96&d=mm&r=g\",\"caption\":\"lquemeneur\"}}]}<\/script>\n<!-- \/ Yoast SEO plugin. -->","yoast_head_json":{"title":"SEMAINE DES LANGUES 2023 : - \u00c9cole Sainte-Anne","robots":{"index":"index","follow":"follow","max-snippet":"max-snippet:-1","max-image-preview":"max-image-preview:large","max-video-preview":"max-video-preview:-1"},"canonical":"https:\/\/steanne-stpierre-portlouis.bzh\/ecole-sainte-anne\/semaine-des-langues-2023\/","og_locale":"fr_FR","og_type":"article","og_title":"SEMAINE DES LANGUES 2023 : - \u00c9cole Sainte-Anne","og_description":"\u00ab\u00a0l&rsquo;important, c&rsquo;est de communiquer !\u00a0\u00bb Pour lancer la semaine des langues \u00e0 l&rsquo;\u00e9cole nous avons tous chant\u00e9 ensemble : \u00ab\u00a0Dire bonjour, c&rsquo;est joli !\u00a0\u00bb (Les enfantastiques) D\u00e9couverte du jeu de [&hellip;]","og_url":"https:\/\/steanne-stpierre-portlouis.bzh\/ecole-sainte-anne\/semaine-des-langues-2023\/","og_site_name":"\u00c9cole Sainte-Anne","article_published_time":"2023-05-28T19:29:41+00:00","article_modified_time":"2023-05-29T05:36:30+00:00","og_image":[{"width":287,"height":149,"url":"https:\/\/steanne-stpierre-portlouis.bzh\/ecole-sainte-anne\/wp-content\/uploads\/sites\/2\/2023\/05\/Capture-decran-2023-05-29-072849.png","type":"image\/png"}],"author":"lquemeneur","twitter_card":"summary_large_image","twitter_misc":{"\u00c9crit par":"lquemeneur","Dur\u00e9e de lecture estim\u00e9e":"3 minutes"},"schema":{"@context":"https:\/\/schema.org","@graph":[{"@type":"Article","@id":"https:\/\/steanne-stpierre-portlouis.bzh\/ecole-sainte-anne\/semaine-des-langues-2023\/#article","isPartOf":{"@id":"https:\/\/steanne-stpierre-portlouis.bzh\/ecole-sainte-anne\/semaine-des-langues-2023\/"},"author":{"name":"lquemeneur","@id":"https:\/\/steanne-stpierre-portlouis.bzh\/ecole-sainte-anne\/#\/schema\/person\/b71569dca6283076206bc8fc9e6efcce"},"headline":"SEMAINE DES LANGUES 2023 :","datePublished":"2023-05-28T19:29:41+00:00","dateModified":"2023-05-29T05:36:30+00:00","mainEntityOfPage":{"@id":"https:\/\/steanne-stpierre-portlouis.bzh\/ecole-sainte-anne\/semaine-des-langues-2023\/"},"wordCount":110,"publisher":{"@id":"https:\/\/steanne-stpierre-portlouis.bzh\/ecole-sainte-anne\/#organization"},"image":{"@id":"https:\/\/steanne-stpierre-portlouis.bzh\/ecole-sainte-anne\/semaine-des-langues-2023\/#primaryimage"},"thumbnailUrl":"https:\/\/steanne-stpierre-portlouis.bzh\/ecole-sainte-anne\/wp-content\/uploads\/sites\/2\/2023\/05\/Capture-decran-2023-05-29-072849.png","articleSection":["GS-CP","Chroniques de classes diverses"],"inLanguage":"fr-FR"},{"@type":"WebPage","@id":"https:\/\/steanne-stpierre-portlouis.bzh\/ecole-sainte-anne\/semaine-des-langues-2023\/","url":"https:\/\/steanne-stpierre-portlouis.bzh\/ecole-sainte-anne\/semaine-des-langues-2023\/","name":"SEMAINE DES LANGUES 2023 : - \u00c9cole Sainte-Anne","isPartOf":{"@id":"https:\/\/steanne-stpierre-portlouis.bzh\/ecole-sainte-anne\/#website"},"primaryImageOfPage":{"@id":"https:\/\/steanne-stpierre-portlouis.bzh\/ecole-sainte-anne\/semaine-des-langues-2023\/#primaryimage"},"image":{"@id":"https:\/\/steanne-stpierre-portlouis.bzh\/ecole-sainte-anne\/semaine-des-langues-2023\/#primaryimage"},"thumbnailUrl":"https:\/\/steanne-stpierre-portlouis.bzh\/ecole-sainte-anne\/wp-content\/uploads\/sites\/2\/2023\/05\/Capture-decran-2023-05-29-072849.png","datePublished":"2023-05-28T19:29:41+00:00","dateModified":"2023-05-29T05:36:30+00:00","breadcrumb":{"@id":"https:\/\/steanne-stpierre-portlouis.bzh\/ecole-sainte-anne\/semaine-des-langues-2023\/#breadcrumb"},"inLanguage":"fr-FR","potentialAction":[{"@type":"ReadAction","target":["https:\/\/steanne-stpierre-portlouis.bzh\/ecole-sainte-anne\/semaine-des-langues-2023\/"]}]},{"@type":"ImageObject","inLanguage":"fr-FR","@id":"https:\/\/steanne-stpierre-portlouis.bzh\/ecole-sainte-anne\/semaine-des-langues-2023\/#primaryimage","url":"https:\/\/steanne-stpierre-portlouis.bzh\/ecole-sainte-anne\/wp-content\/uploads\/sites\/2\/2023\/05\/Capture-decran-2023-05-29-072849.png","contentUrl":"https:\/\/steanne-stpierre-portlouis.bzh\/ecole-sainte-anne\/wp-content\/uploads\/sites\/2\/2023\/05\/Capture-decran-2023-05-29-072849.png","width":287,"height":149},{"@type":"BreadcrumbList","@id":"https:\/\/steanne-stpierre-portlouis.bzh\/ecole-sainte-anne\/semaine-des-langues-2023\/#breadcrumb","itemListElement":[{"@type":"ListItem","position":1,"name":"Accueil","item":"https:\/\/steanne-stpierre-portlouis.bzh\/ecole-sainte-anne\/"},{"@type":"ListItem","position":2,"name":"SEMAINE DES LANGUES 2023 :"}]},{"@type":"WebSite","@id":"https:\/\/steanne-stpierre-portlouis.bzh\/ecole-sainte-anne\/#website","url":"https:\/\/steanne-stpierre-portlouis.bzh\/ecole-sainte-anne\/","name":"\u00c9cole Sainte-Anne","description":"Un site utilisant Ensemble scolaire Port Louis","publisher":{"@id":"https:\/\/steanne-stpierre-portlouis.bzh\/ecole-sainte-anne\/#organization"},"potentialAction":[{"@type":"SearchAction","target":{"@type":"EntryPoint","urlTemplate":"https:\/\/steanne-stpierre-portlouis.bzh\/ecole-sainte-anne\/?s={search_term_string}"},"query-input":{"@type":"PropertyValueSpecification","valueRequired":true,"valueName":"search_term_string"}}],"inLanguage":"fr-FR"},{"@type":"Organization","@id":"https:\/\/steanne-stpierre-portlouis.bzh\/ecole-sainte-anne\/#organization","name":"\u00c9cole Sainte-Anne","url":"https:\/\/steanne-stpierre-portlouis.bzh\/ecole-sainte-anne\/","logo":{"@type":"ImageObject","inLanguage":"fr-FR","@id":"https:\/\/steanne-stpierre-portlouis.bzh\/ecole-sainte-anne\/#\/schema\/logo\/image\/","url":"https:\/\/steanne-stpierre-portlouis.bzh\/ecole-sainte-anne\/wp-content\/uploads\/sites\/2\/2021\/05\/logo-steanne.png","contentUrl":"https:\/\/steanne-stpierre-portlouis.bzh\/ecole-sainte-anne\/wp-content\/uploads\/sites\/2\/2021\/05\/logo-steanne.png","width":246,"height":187,"caption":"\u00c9cole Sainte-Anne"},"image":{"@id":"https:\/\/steanne-stpierre-portlouis.bzh\/ecole-sainte-anne\/#\/schema\/logo\/image\/"}},{"@type":"Person","@id":"https:\/\/steanne-stpierre-portlouis.bzh\/ecole-sainte-anne\/#\/schema\/person\/b71569dca6283076206bc8fc9e6efcce","name":"lquemeneur","image":{"@type":"ImageObject","inLanguage":"fr-FR","@id":"https:\/\/secure.gravatar.com\/avatar\/289f8d821df479f8902f0f1eef04e7f006c23624d3de5d9a7758a1ed54ee4baa?s=96&d=mm&r=g","url":"https:\/\/secure.gravatar.com\/avatar\/289f8d821df479f8902f0f1eef04e7f006c23624d3de5d9a7758a1ed54ee4baa?s=96&d=mm&r=g","contentUrl":"https:\/\/secure.gravatar.com\/avatar\/289f8d821df479f8902f0f1eef04e7f006c23624d3de5d9a7758a1ed54ee4baa?s=96&d=mm&r=g","caption":"lquemeneur"}}]}},"_links":{"self":[{"href":"https:\/\/steanne-stpierre-portlouis.bzh\/ecole-sainte-anne\/wp-json\/wp\/v2\/posts\/3003","targetHints":{"allow":["GET"]}}],"collection":[{"href":"https:\/\/steanne-stpierre-portlouis.bzh\/ecole-sainte-anne\/wp-json\/wp\/v2\/posts"}],"about":[{"href":"https:\/\/steanne-stpierre-portlouis.bzh\/ecole-sainte-anne\/wp-json\/wp\/v2\/types\/post"}],"author":[{"embeddable":true,"href":"https:\/\/steanne-stpierre-portlouis.bzh\/ecole-sainte-anne\/wp-json\/wp\/v2\/users\/3"}],"replies":[{"embeddable":true,"href":"https:\/\/steanne-stpierre-portlouis.bzh\/ecole-sainte-anne\/wp-json\/wp\/v2\/comments?post=3003"}],"version-history":[{"count":11,"href":"https:\/\/steanne-stpierre-portlouis.bzh\/ecole-sainte-anne\/wp-json\/wp\/v2\/posts\/3003\/revisions"}],"predecessor-version":[{"id":3070,"href":"https:\/\/steanne-stpierre-portlouis.bzh\/ecole-sainte-anne\/wp-json\/wp\/v2\/posts\/3003\/revisions\/3070"}],"wp:featuredmedia":[{"embeddable":true,"href":"https:\/\/steanne-stpierre-portlouis.bzh\/ecole-sainte-anne\/wp-json\/wp\/v2\/media\/3075"}],"wp:attachment":[{"href":"https:\/\/steanne-stpierre-portlouis.bzh\/ecole-sainte-anne\/wp-json\/wp\/v2\/media?parent=3003"}],"wp:term":[{"taxonomy":"category","embeddable":true,"href":"https:\/\/steanne-stpierre-portlouis.bzh\/ecole-sainte-anne\/wp-json\/wp\/v2\/categories?post=3003"},{"taxonomy":"post_tag","embeddable":true,"href":"https:\/\/steanne-stpierre-portlouis.bzh\/ecole-sainte-anne\/wp-json\/wp\/v2\/tags?post=3003"}],"curies":[{"name":"wp","href":"https:\/\/api.w.org\/{rel}","templated":true}]}}