{"id":3752,"date":"2026-03-11T14:28:14","date_gmt":"2026-03-11T13:28:14","guid":{"rendered":"https:\/\/steanne-stpierre-portlouis.bzh\/ecole-sainte-anne\/?p=3752"},"modified":"2026-03-11T14:28:15","modified_gmt":"2026-03-11T13:28:15","slug":"sensibilisation-aux-dechets-pour-les-ce","status":"publish","type":"post","link":"https:\/\/steanne-stpierre-portlouis.bzh\/ecole-sainte-anne\/sensibilisation-aux-dechets-pour-les-ce\/","title":{"rendered":"Sensibilisation aux d\u00e9chets pour les CE"},"content":{"rendered":"\n<figure class=\"wp-block-image size-large\"><img decoding=\"async\" width=\"724\" height=\"1024\" src=\"https:\/\/steanne-stpierre-portlouis.bzh\/ecole-sainte-anne\/wp-content\/uploads\/sites\/2\/2026\/03\/Green-Blue-Illustration-Football-Notebook-Cover-A4-Document-724x1024.jpg\" alt=\"\" class=\"wp-image-3754\" srcset=\"https:\/\/steanne-stpierre-portlouis.bzh\/ecole-sainte-anne\/wp-content\/uploads\/sites\/2\/2026\/03\/Green-Blue-Illustration-Football-Notebook-Cover-A4-Document-724x1024.jpg 724w, https:\/\/steanne-stpierre-portlouis.bzh\/ecole-sainte-anne\/wp-content\/uploads\/sites\/2\/2026\/03\/Green-Blue-Illustration-Football-Notebook-Cover-A4-Document-212x300.jpg 212w, https:\/\/steanne-stpierre-portlouis.bzh\/ecole-sainte-anne\/wp-content\/uploads\/sites\/2\/2026\/03\/Green-Blue-Illustration-Football-Notebook-Cover-A4-Document-768x1086.jpg 768w, https:\/\/steanne-stpierre-portlouis.bzh\/ecole-sainte-anne\/wp-content\/uploads\/sites\/2\/2026\/03\/Green-Blue-Illustration-Football-Notebook-Cover-A4-Document-1086x1536.jpg 1086w, https:\/\/steanne-stpierre-portlouis.bzh\/ecole-sainte-anne\/wp-content\/uploads\/sites\/2\/2026\/03\/Green-Blue-Illustration-Football-Notebook-Cover-A4-Document.jpg 1414w\" sizes=\"(max-width: 724px) 100vw, 724px\" \/><\/figure>\n","protected":false},"excerpt":{"rendered":"<p>Les \u00e9l\u00e8ves ont particip\u00e9 \u00e0 une intervention anim\u00e9e par Emeline de la Ligue de l\u2019Enseignement sur le th\u00e8me des d\u00e9chets. \u00c0 travers des \u00e9changes et une course au tri dans la cour, ils ont d\u00e9couvert ce qu\u2019est un d\u00e9chet et appris les bons gestes pour mieux les trier. \ud83c\udf0d\u267b\ufe0f<\/p>\n","protected":false},"author":5,"featured_media":3753,"comment_status":"closed","ping_status":"closed","sticky":false,"template":"","format":"standard","meta":{"_acf_changed":false,"footnotes":""},"categories":[18],"tags":[],"class_list":["post-3752","post","type-post","status-publish","format-standard","has-post-thumbnail","hentry","category-ce"],"acf":[],"yoast_head":"<!-- This site is optimized with the Yoast SEO plugin v27.5 - https:\/\/yoast.com\/product\/yoast-seo-wordpress\/ -->\n<title>Sensibilisation aux d\u00e9chets pour les CE - \u00c9cole Sainte-Anne<\/title>\n<meta name=\"robots\" content=\"index, follow, max-snippet:-1, max-image-preview:large, max-video-preview:-1\" \/>\n<link rel=\"canonical\" href=\"https:\/\/steanne-stpierre-portlouis.bzh\/ecole-sainte-anne\/sensibilisation-aux-dechets-pour-les-ce\/\" \/>\n<meta property=\"og:locale\" content=\"fr_FR\" \/>\n<meta property=\"og:type\" content=\"article\" \/>\n<meta property=\"og:title\" content=\"Sensibilisation aux d\u00e9chets pour les CE - \u00c9cole Sainte-Anne\" \/>\n<meta property=\"og:description\" content=\"Les \u00e9l\u00e8ves ont particip\u00e9 \u00e0 une intervention anim\u00e9e par Emeline de la Ligue de l\u2019Enseignement sur le th\u00e8me des d\u00e9chets. \u00c0 travers des \u00e9changes et une course au tri dans la cour, ils ont d\u00e9couvert ce qu\u2019est un d\u00e9chet et appris les bons gestes pour mieux les trier. \ud83c\udf0d\u267b\ufe0f\" \/>\n<meta property=\"og:url\" content=\"https:\/\/steanne-stpierre-portlouis.bzh\/ecole-sainte-anne\/sensibilisation-aux-dechets-pour-les-ce\/\" \/>\n<meta property=\"og:site_name\" content=\"\u00c9cole Sainte-Anne\" \/>\n<meta property=\"article:published_time\" content=\"2026-03-11T13:28:14+00:00\" \/>\n<meta property=\"article:modified_time\" content=\"2026-03-11T13:28:15+00:00\" \/>\n<meta property=\"og:image\" content=\"https:\/\/steanne-stpierre-portlouis.bzh\/ecole-sainte-anne\/wp-content\/uploads\/sites\/2\/2026\/03\/20260302_150912-scaled.jpg\" \/>\n\t<meta property=\"og:image:width\" content=\"1920\" \/>\n\t<meta property=\"og:image:height\" content=\"2560\" \/>\n\t<meta property=\"og:image:type\" content=\"image\/jpeg\" \/>\n<meta name=\"author\" content=\"vpiers\" \/>\n<meta name=\"twitter:card\" content=\"summary_large_image\" \/>\n<meta name=\"twitter:label1\" content=\"\u00c9crit par\" \/>\n\t<meta name=\"twitter:data1\" content=\"vpiers\" \/>\n\t<meta name=\"twitter:label2\" content=\"Dur\u00e9e de lecture estim\u00e9e\" \/>\n\t<meta name=\"twitter:data2\" content=\"1 minute\" \/>\n<script type=\"application\/ld+json\" class=\"yoast-schema-graph\">{\"@context\":\"https:\\\/\\\/schema.org\",\"@graph\":[{\"@type\":\"Article\",\"@id\":\"https:\\\/\\\/steanne-stpierre-portlouis.bzh\\\/ecole-sainte-anne\\\/sensibilisation-aux-dechets-pour-les-ce\\\/#article\",\"isPartOf\":{\"@id\":\"https:\\\/\\\/steanne-stpierre-portlouis.bzh\\\/ecole-sainte-anne\\\/sensibilisation-aux-dechets-pour-les-ce\\\/\"},\"author\":{\"name\":\"vpiers\",\"@id\":\"https:\\\/\\\/steanne-stpierre-portlouis.bzh\\\/ecole-sainte-anne\\\/#\\\/schema\\\/person\\\/a380c1c760235f260eb0ba5daa855c3d\"},\"headline\":\"Sensibilisation aux d\u00e9chets pour les CE\",\"datePublished\":\"2026-03-11T13:28:14+00:00\",\"dateModified\":\"2026-03-11T13:28:15+00:00\",\"mainEntityOfPage\":{\"@id\":\"https:\\\/\\\/steanne-stpierre-portlouis.bzh\\\/ecole-sainte-anne\\\/sensibilisation-aux-dechets-pour-les-ce\\\/\"},\"wordCount\":7,\"publisher\":{\"@id\":\"https:\\\/\\\/steanne-stpierre-portlouis.bzh\\\/ecole-sainte-anne\\\/#organization\"},\"image\":{\"@id\":\"https:\\\/\\\/steanne-stpierre-portlouis.bzh\\\/ecole-sainte-anne\\\/sensibilisation-aux-dechets-pour-les-ce\\\/#primaryimage\"},\"thumbnailUrl\":\"https:\\\/\\\/steanne-stpierre-portlouis.bzh\\\/ecole-sainte-anne\\\/wp-content\\\/uploads\\\/sites\\\/2\\\/2026\\\/03\\\/20260302_150912-scaled.jpg\",\"articleSection\":[\"CE\"],\"inLanguage\":\"fr-FR\"},{\"@type\":\"WebPage\",\"@id\":\"https:\\\/\\\/steanne-stpierre-portlouis.bzh\\\/ecole-sainte-anne\\\/sensibilisation-aux-dechets-pour-les-ce\\\/\",\"url\":\"https:\\\/\\\/steanne-stpierre-portlouis.bzh\\\/ecole-sainte-anne\\\/sensibilisation-aux-dechets-pour-les-ce\\\/\",\"name\":\"Sensibilisation aux d\u00e9chets pour les CE - \u00c9cole Sainte-Anne\",\"isPartOf\":{\"@id\":\"https:\\\/\\\/steanne-stpierre-portlouis.bzh\\\/ecole-sainte-anne\\\/#website\"},\"primaryImageOfPage\":{\"@id\":\"https:\\\/\\\/steanne-stpierre-portlouis.bzh\\\/ecole-sainte-anne\\\/sensibilisation-aux-dechets-pour-les-ce\\\/#primaryimage\"},\"image\":{\"@id\":\"https:\\\/\\\/steanne-stpierre-portlouis.bzh\\\/ecole-sainte-anne\\\/sensibilisation-aux-dechets-pour-les-ce\\\/#primaryimage\"},\"thumbnailUrl\":\"https:\\\/\\\/steanne-stpierre-portlouis.bzh\\\/ecole-sainte-anne\\\/wp-content\\\/uploads\\\/sites\\\/2\\\/2026\\\/03\\\/20260302_150912-scaled.jpg\",\"datePublished\":\"2026-03-11T13:28:14+00:00\",\"dateModified\":\"2026-03-11T13:28:15+00:00\",\"breadcrumb\":{\"@id\":\"https:\\\/\\\/steanne-stpierre-portlouis.bzh\\\/ecole-sainte-anne\\\/sensibilisation-aux-dechets-pour-les-ce\\\/#breadcrumb\"},\"inLanguage\":\"fr-FR\",\"potentialAction\":[{\"@type\":\"ReadAction\",\"target\":[\"https:\\\/\\\/steanne-stpierre-portlouis.bzh\\\/ecole-sainte-anne\\\/sensibilisation-aux-dechets-pour-les-ce\\\/\"]}]},{\"@type\":\"ImageObject\",\"inLanguage\":\"fr-FR\",\"@id\":\"https:\\\/\\\/steanne-stpierre-portlouis.bzh\\\/ecole-sainte-anne\\\/sensibilisation-aux-dechets-pour-les-ce\\\/#primaryimage\",\"url\":\"https:\\\/\\\/steanne-stpierre-portlouis.bzh\\\/ecole-sainte-anne\\\/wp-content\\\/uploads\\\/sites\\\/2\\\/2026\\\/03\\\/20260302_150912-scaled.jpg\",\"contentUrl\":\"https:\\\/\\\/steanne-stpierre-portlouis.bzh\\\/ecole-sainte-anne\\\/wp-content\\\/uploads\\\/sites\\\/2\\\/2026\\\/03\\\/20260302_150912-scaled.jpg\",\"width\":1920,\"height\":2560},{\"@type\":\"BreadcrumbList\",\"@id\":\"https:\\\/\\\/steanne-stpierre-portlouis.bzh\\\/ecole-sainte-anne\\\/sensibilisation-aux-dechets-pour-les-ce\\\/#breadcrumb\",\"itemListElement\":[{\"@type\":\"ListItem\",\"position\":1,\"name\":\"Accueil\",\"item\":\"https:\\\/\\\/steanne-stpierre-portlouis.bzh\\\/ecole-sainte-anne\\\/\"},{\"@type\":\"ListItem\",\"position\":2,\"name\":\"Sensibilisation aux d\u00e9chets pour les CE\"}]},{\"@type\":\"WebSite\",\"@id\":\"https:\\\/\\\/steanne-stpierre-portlouis.bzh\\\/ecole-sainte-anne\\\/#website\",\"url\":\"https:\\\/\\\/steanne-stpierre-portlouis.bzh\\\/ecole-sainte-anne\\\/\",\"name\":\"\u00c9cole Sainte-Anne\",\"description\":\"Un site utilisant Ensemble scolaire Port Louis\",\"publisher\":{\"@id\":\"https:\\\/\\\/steanne-stpierre-portlouis.bzh\\\/ecole-sainte-anne\\\/#organization\"},\"potentialAction\":[{\"@type\":\"SearchAction\",\"target\":{\"@type\":\"EntryPoint\",\"urlTemplate\":\"https:\\\/\\\/steanne-stpierre-portlouis.bzh\\\/ecole-sainte-anne\\\/?s={search_term_string}\"},\"query-input\":{\"@type\":\"PropertyValueSpecification\",\"valueRequired\":true,\"valueName\":\"search_term_string\"}}],\"inLanguage\":\"fr-FR\"},{\"@type\":\"Organization\",\"@id\":\"https:\\\/\\\/steanne-stpierre-portlouis.bzh\\\/ecole-sainte-anne\\\/#organization\",\"name\":\"\u00c9cole Sainte-Anne\",\"url\":\"https:\\\/\\\/steanne-stpierre-portlouis.bzh\\\/ecole-sainte-anne\\\/\",\"logo\":{\"@type\":\"ImageObject\",\"inLanguage\":\"fr-FR\",\"@id\":\"https:\\\/\\\/steanne-stpierre-portlouis.bzh\\\/ecole-sainte-anne\\\/#\\\/schema\\\/logo\\\/image\\\/\",\"url\":\"https:\\\/\\\/steanne-stpierre-portlouis.bzh\\\/ecole-sainte-anne\\\/wp-content\\\/uploads\\\/sites\\\/2\\\/2021\\\/05\\\/logo-steanne.png\",\"contentUrl\":\"https:\\\/\\\/steanne-stpierre-portlouis.bzh\\\/ecole-sainte-anne\\\/wp-content\\\/uploads\\\/sites\\\/2\\\/2021\\\/05\\\/logo-steanne.png\",\"width\":246,\"height\":187,\"caption\":\"\u00c9cole Sainte-Anne\"},\"image\":{\"@id\":\"https:\\\/\\\/steanne-stpierre-portlouis.bzh\\\/ecole-sainte-anne\\\/#\\\/schema\\\/logo\\\/image\\\/\"}},{\"@type\":\"Person\",\"@id\":\"https:\\\/\\\/steanne-stpierre-portlouis.bzh\\\/ecole-sainte-anne\\\/#\\\/schema\\\/person\\\/a380c1c760235f260eb0ba5daa855c3d\",\"name\":\"vpiers\",\"image\":{\"@type\":\"ImageObject\",\"inLanguage\":\"fr-FR\",\"@id\":\"https:\\\/\\\/secure.gravatar.com\\\/avatar\\\/7f7a5bfe426d636ab7b86d431054fe3ac5bbb8f824f07437a480a0554c2d42f9?s=96&d=mm&r=g\",\"url\":\"https:\\\/\\\/secure.gravatar.com\\\/avatar\\\/7f7a5bfe426d636ab7b86d431054fe3ac5bbb8f824f07437a480a0554c2d42f9?s=96&d=mm&r=g\",\"contentUrl\":\"https:\\\/\\\/secure.gravatar.com\\\/avatar\\\/7f7a5bfe426d636ab7b86d431054fe3ac5bbb8f824f07437a480a0554c2d42f9?s=96&d=mm&r=g\",\"caption\":\"vpiers\"}}]}<\/script>\n<!-- \/ Yoast SEO plugin. -->","yoast_head_json":{"title":"Sensibilisation aux d\u00e9chets pour les CE - \u00c9cole Sainte-Anne","robots":{"index":"index","follow":"follow","max-snippet":"max-snippet:-1","max-image-preview":"max-image-preview:large","max-video-preview":"max-video-preview:-1"},"canonical":"https:\/\/steanne-stpierre-portlouis.bzh\/ecole-sainte-anne\/sensibilisation-aux-dechets-pour-les-ce\/","og_locale":"fr_FR","og_type":"article","og_title":"Sensibilisation aux d\u00e9chets pour les CE - \u00c9cole Sainte-Anne","og_description":"Les \u00e9l\u00e8ves ont particip\u00e9 \u00e0 une intervention anim\u00e9e par Emeline de la Ligue de l\u2019Enseignement sur le th\u00e8me des d\u00e9chets. \u00c0 travers des \u00e9changes et une course au tri dans la cour, ils ont d\u00e9couvert ce qu\u2019est un d\u00e9chet et appris les bons gestes pour mieux les trier. \ud83c\udf0d\u267b\ufe0f","og_url":"https:\/\/steanne-stpierre-portlouis.bzh\/ecole-sainte-anne\/sensibilisation-aux-dechets-pour-les-ce\/","og_site_name":"\u00c9cole Sainte-Anne","article_published_time":"2026-03-11T13:28:14+00:00","article_modified_time":"2026-03-11T13:28:15+00:00","og_image":[{"width":1920,"height":2560,"url":"https:\/\/steanne-stpierre-portlouis.bzh\/ecole-sainte-anne\/wp-content\/uploads\/sites\/2\/2026\/03\/20260302_150912-scaled.jpg","type":"image\/jpeg"}],"author":"vpiers","twitter_card":"summary_large_image","twitter_misc":{"\u00c9crit par":"vpiers","Dur\u00e9e de lecture estim\u00e9e":"1 minute"},"schema":{"@context":"https:\/\/schema.org","@graph":[{"@type":"Article","@id":"https:\/\/steanne-stpierre-portlouis.bzh\/ecole-sainte-anne\/sensibilisation-aux-dechets-pour-les-ce\/#article","isPartOf":{"@id":"https:\/\/steanne-stpierre-portlouis.bzh\/ecole-sainte-anne\/sensibilisation-aux-dechets-pour-les-ce\/"},"author":{"name":"vpiers","@id":"https:\/\/steanne-stpierre-portlouis.bzh\/ecole-sainte-anne\/#\/schema\/person\/a380c1c760235f260eb0ba5daa855c3d"},"headline":"Sensibilisation aux d\u00e9chets pour les CE","datePublished":"2026-03-11T13:28:14+00:00","dateModified":"2026-03-11T13:28:15+00:00","mainEntityOfPage":{"@id":"https:\/\/steanne-stpierre-portlouis.bzh\/ecole-sainte-anne\/sensibilisation-aux-dechets-pour-les-ce\/"},"wordCount":7,"publisher":{"@id":"https:\/\/steanne-stpierre-portlouis.bzh\/ecole-sainte-anne\/#organization"},"image":{"@id":"https:\/\/steanne-stpierre-portlouis.bzh\/ecole-sainte-anne\/sensibilisation-aux-dechets-pour-les-ce\/#primaryimage"},"thumbnailUrl":"https:\/\/steanne-stpierre-portlouis.bzh\/ecole-sainte-anne\/wp-content\/uploads\/sites\/2\/2026\/03\/20260302_150912-scaled.jpg","articleSection":["CE"],"inLanguage":"fr-FR"},{"@type":"WebPage","@id":"https:\/\/steanne-stpierre-portlouis.bzh\/ecole-sainte-anne\/sensibilisation-aux-dechets-pour-les-ce\/","url":"https:\/\/steanne-stpierre-portlouis.bzh\/ecole-sainte-anne\/sensibilisation-aux-dechets-pour-les-ce\/","name":"Sensibilisation aux d\u00e9chets pour les CE - \u00c9cole Sainte-Anne","isPartOf":{"@id":"https:\/\/steanne-stpierre-portlouis.bzh\/ecole-sainte-anne\/#website"},"primaryImageOfPage":{"@id":"https:\/\/steanne-stpierre-portlouis.bzh\/ecole-sainte-anne\/sensibilisation-aux-dechets-pour-les-ce\/#primaryimage"},"image":{"@id":"https:\/\/steanne-stpierre-portlouis.bzh\/ecole-sainte-anne\/sensibilisation-aux-dechets-pour-les-ce\/#primaryimage"},"thumbnailUrl":"https:\/\/steanne-stpierre-portlouis.bzh\/ecole-sainte-anne\/wp-content\/uploads\/sites\/2\/2026\/03\/20260302_150912-scaled.jpg","datePublished":"2026-03-11T13:28:14+00:00","dateModified":"2026-03-11T13:28:15+00:00","breadcrumb":{"@id":"https:\/\/steanne-stpierre-portlouis.bzh\/ecole-sainte-anne\/sensibilisation-aux-dechets-pour-les-ce\/#breadcrumb"},"inLanguage":"fr-FR","potentialAction":[{"@type":"ReadAction","target":["https:\/\/steanne-stpierre-portlouis.bzh\/ecole-sainte-anne\/sensibilisation-aux-dechets-pour-les-ce\/"]}]},{"@type":"ImageObject","inLanguage":"fr-FR","@id":"https:\/\/steanne-stpierre-portlouis.bzh\/ecole-sainte-anne\/sensibilisation-aux-dechets-pour-les-ce\/#primaryimage","url":"https:\/\/steanne-stpierre-portlouis.bzh\/ecole-sainte-anne\/wp-content\/uploads\/sites\/2\/2026\/03\/20260302_150912-scaled.jpg","contentUrl":"https:\/\/steanne-stpierre-portlouis.bzh\/ecole-sainte-anne\/wp-content\/uploads\/sites\/2\/2026\/03\/20260302_150912-scaled.jpg","width":1920,"height":2560},{"@type":"BreadcrumbList","@id":"https:\/\/steanne-stpierre-portlouis.bzh\/ecole-sainte-anne\/sensibilisation-aux-dechets-pour-les-ce\/#breadcrumb","itemListElement":[{"@type":"ListItem","position":1,"name":"Accueil","item":"https:\/\/steanne-stpierre-portlouis.bzh\/ecole-sainte-anne\/"},{"@type":"ListItem","position":2,"name":"Sensibilisation aux d\u00e9chets pour les CE"}]},{"@type":"WebSite","@id":"https:\/\/steanne-stpierre-portlouis.bzh\/ecole-sainte-anne\/#website","url":"https:\/\/steanne-stpierre-portlouis.bzh\/ecole-sainte-anne\/","name":"\u00c9cole Sainte-Anne","description":"Un site utilisant Ensemble scolaire Port Louis","publisher":{"@id":"https:\/\/steanne-stpierre-portlouis.bzh\/ecole-sainte-anne\/#organization"},"potentialAction":[{"@type":"SearchAction","target":{"@type":"EntryPoint","urlTemplate":"https:\/\/steanne-stpierre-portlouis.bzh\/ecole-sainte-anne\/?s={search_term_string}"},"query-input":{"@type":"PropertyValueSpecification","valueRequired":true,"valueName":"search_term_string"}}],"inLanguage":"fr-FR"},{"@type":"Organization","@id":"https:\/\/steanne-stpierre-portlouis.bzh\/ecole-sainte-anne\/#organization","name":"\u00c9cole Sainte-Anne","url":"https:\/\/steanne-stpierre-portlouis.bzh\/ecole-sainte-anne\/","logo":{"@type":"ImageObject","inLanguage":"fr-FR","@id":"https:\/\/steanne-stpierre-portlouis.bzh\/ecole-sainte-anne\/#\/schema\/logo\/image\/","url":"https:\/\/steanne-stpierre-portlouis.bzh\/ecole-sainte-anne\/wp-content\/uploads\/sites\/2\/2021\/05\/logo-steanne.png","contentUrl":"https:\/\/steanne-stpierre-portlouis.bzh\/ecole-sainte-anne\/wp-content\/uploads\/sites\/2\/2021\/05\/logo-steanne.png","width":246,"height":187,"caption":"\u00c9cole Sainte-Anne"},"image":{"@id":"https:\/\/steanne-stpierre-portlouis.bzh\/ecole-sainte-anne\/#\/schema\/logo\/image\/"}},{"@type":"Person","@id":"https:\/\/steanne-stpierre-portlouis.bzh\/ecole-sainte-anne\/#\/schema\/person\/a380c1c760235f260eb0ba5daa855c3d","name":"vpiers","image":{"@type":"ImageObject","inLanguage":"fr-FR","@id":"https:\/\/secure.gravatar.com\/avatar\/7f7a5bfe426d636ab7b86d431054fe3ac5bbb8f824f07437a480a0554c2d42f9?s=96&d=mm&r=g","url":"https:\/\/secure.gravatar.com\/avatar\/7f7a5bfe426d636ab7b86d431054fe3ac5bbb8f824f07437a480a0554c2d42f9?s=96&d=mm&r=g","contentUrl":"https:\/\/secure.gravatar.com\/avatar\/7f7a5bfe426d636ab7b86d431054fe3ac5bbb8f824f07437a480a0554c2d42f9?s=96&d=mm&r=g","caption":"vpiers"}}]}},"_links":{"self":[{"href":"https:\/\/steanne-stpierre-portlouis.bzh\/ecole-sainte-anne\/wp-json\/wp\/v2\/posts\/3752","targetHints":{"allow":["GET"]}}],"collection":[{"href":"https:\/\/steanne-stpierre-portlouis.bzh\/ecole-sainte-anne\/wp-json\/wp\/v2\/posts"}],"about":[{"href":"https:\/\/steanne-stpierre-portlouis.bzh\/ecole-sainte-anne\/wp-json\/wp\/v2\/types\/post"}],"author":[{"embeddable":true,"href":"https:\/\/steanne-stpierre-portlouis.bzh\/ecole-sainte-anne\/wp-json\/wp\/v2\/users\/5"}],"replies":[{"embeddable":true,"href":"https:\/\/steanne-stpierre-portlouis.bzh\/ecole-sainte-anne\/wp-json\/wp\/v2\/comments?post=3752"}],"version-history":[{"count":1,"href":"https:\/\/steanne-stpierre-portlouis.bzh\/ecole-sainte-anne\/wp-json\/wp\/v2\/posts\/3752\/revisions"}],"predecessor-version":[{"id":3755,"href":"https:\/\/steanne-stpierre-portlouis.bzh\/ecole-sainte-anne\/wp-json\/wp\/v2\/posts\/3752\/revisions\/3755"}],"wp:featuredmedia":[{"embeddable":true,"href":"https:\/\/steanne-stpierre-portlouis.bzh\/ecole-sainte-anne\/wp-json\/wp\/v2\/media\/3753"}],"wp:attachment":[{"href":"https:\/\/steanne-stpierre-portlouis.bzh\/ecole-sainte-anne\/wp-json\/wp\/v2\/media?parent=3752"}],"wp:term":[{"taxonomy":"category","embeddable":true,"href":"https:\/\/steanne-stpierre-portlouis.bzh\/ecole-sainte-anne\/wp-json\/wp\/v2\/categories?post=3752"},{"taxonomy":"post_tag","embeddable":true,"href":"https:\/\/steanne-stpierre-portlouis.bzh\/ecole-sainte-anne\/wp-json\/wp\/v2\/tags?post=3752"}],"curies":[{"name":"wp","href":"https:\/\/api.w.org\/{rel}","templated":true}]}}