{"id":896,"date":"2021-11-21T16:19:37","date_gmt":"2021-11-21T15:19:37","guid":{"rendered":"https:\/\/steanne-stpierre-portlouis.bzh\/ecole-sainte-anne\/?p=896"},"modified":"2021-12-05T12:22:44","modified_gmt":"2021-12-05T11:22:44","slug":"ombres-portees-a-la-maniere-de-colette-hyvrard","status":"publish","type":"post","link":"https:\/\/steanne-stpierre-portlouis.bzh\/ecole-sainte-anne\/ombres-portees-a-la-maniere-de-colette-hyvrard\/","title":{"rendered":"Ombres port\u00e9es \u00e0 la mani\u00e8re de Colette Hyvrard"},"content":{"rendered":"\n<p><\/p>\n\n\n\n<p>En lien avec notre projet sciences sur l\u2019ombre et la lumi\u00e8re, nous avons travaill\u00e9 sur les ombres et la lumi\u00e8re \u00e0 partir de l\u2019oeuvre de Colette HYVRARD. Cette artiste photographe fran\u00e7aise, n\u00e9e \u00e0 Annecy en 1957, vit et travaille \u00e0 Paris. Ses photos sont vraiment \u00e9tonnantes&nbsp;: \u00e0 partir d\u2019objets usuels, elle cr\u00e9e des ombres et prend la photo de l\u2019ensemble. <\/p>\n\n\n\n<p><strong>Voici quelques-unes de ses oeuvres:<\/strong><\/p>\n\n\n\n<figure class=\"wp-block-image size-full\"><img decoding=\"async\" width=\"370\" height=\"512\" src=\"https:\/\/steanne-stpierre-portlouis.bzh\/ecole-sainte-anne\/wp-content\/uploads\/sites\/2\/2021\/11\/unnamed-compressed.jpg\" alt=\"\" class=\"wp-image-897\" srcset=\"https:\/\/steanne-stpierre-portlouis.bzh\/ecole-sainte-anne\/wp-content\/uploads\/sites\/2\/2021\/11\/unnamed-compressed.jpg 370w, https:\/\/steanne-stpierre-portlouis.bzh\/ecole-sainte-anne\/wp-content\/uploads\/sites\/2\/2021\/11\/unnamed-compressed-217x300.jpg 217w\" sizes=\"(max-width: 370px) 100vw, 370px\" \/><\/figure>\n\n\n\n<figure class=\"wp-block-image size-full\"><img decoding=\"async\" width=\"381\" height=\"512\" src=\"https:\/\/steanne-stpierre-portlouis.bzh\/ecole-sainte-anne\/wp-content\/uploads\/sites\/2\/2021\/11\/unnamed-1-compressed.jpg\" alt=\"\" class=\"wp-image-898\" srcset=\"https:\/\/steanne-stpierre-portlouis.bzh\/ecole-sainte-anne\/wp-content\/uploads\/sites\/2\/2021\/11\/unnamed-1-compressed.jpg 381w, https:\/\/steanne-stpierre-portlouis.bzh\/ecole-sainte-anne\/wp-content\/uploads\/sites\/2\/2021\/11\/unnamed-1-compressed-223x300.jpg 223w\" sizes=\"(max-width: 381px) 100vw, 381px\" \/><\/figure>\n\n\n\n<p>Et voici nos oeuvres:<\/p>\n\n\n\n<figure class=\"wp-block-image size-large\"><img decoding=\"async\" width=\"768\" height=\"1024\" src=\"https:\/\/steanne-stpierre-portlouis.bzh\/ecole-sainte-anne\/wp-content\/uploads\/sites\/2\/2021\/11\/20211119_144701-compressed-768x1024.jpg\" alt=\"\" class=\"wp-image-899\" srcset=\"https:\/\/steanne-stpierre-portlouis.bzh\/ecole-sainte-anne\/wp-content\/uploads\/sites\/2\/2021\/11\/20211119_144701-compressed-768x1024.jpg 768w, https:\/\/steanne-stpierre-portlouis.bzh\/ecole-sainte-anne\/wp-content\/uploads\/sites\/2\/2021\/11\/20211119_144701-compressed-225x300.jpg 225w, https:\/\/steanne-stpierre-portlouis.bzh\/ecole-sainte-anne\/wp-content\/uploads\/sites\/2\/2021\/11\/20211119_144701-compressed-1152x1536.jpg 1152w, https:\/\/steanne-stpierre-portlouis.bzh\/ecole-sainte-anne\/wp-content\/uploads\/sites\/2\/2021\/11\/20211119_144701-compressed-1536x2048.jpg 1536w, https:\/\/steanne-stpierre-portlouis.bzh\/ecole-sainte-anne\/wp-content\/uploads\/sites\/2\/2021\/11\/20211119_144701-compressed-scaled.jpg 1920w\" sizes=\"(max-width: 768px) 100vw, 768px\" \/><\/figure>\n\n\n\n<figure class=\"wp-block-image size-large\"><img decoding=\"async\" width=\"768\" height=\"1024\" src=\"https:\/\/steanne-stpierre-portlouis.bzh\/ecole-sainte-anne\/wp-content\/uploads\/sites\/2\/2021\/11\/20211119_145310-compressed-768x1024.jpg\" alt=\"\" class=\"wp-image-900\" srcset=\"https:\/\/steanne-stpierre-portlouis.bzh\/ecole-sainte-anne\/wp-content\/uploads\/sites\/2\/2021\/11\/20211119_145310-compressed-768x1024.jpg 768w, https:\/\/steanne-stpierre-portlouis.bzh\/ecole-sainte-anne\/wp-content\/uploads\/sites\/2\/2021\/11\/20211119_145310-compressed-225x300.jpg 225w, https:\/\/steanne-stpierre-portlouis.bzh\/ecole-sainte-anne\/wp-content\/uploads\/sites\/2\/2021\/11\/20211119_145310-compressed-1152x1536.jpg 1152w, https:\/\/steanne-stpierre-portlouis.bzh\/ecole-sainte-anne\/wp-content\/uploads\/sites\/2\/2021\/11\/20211119_145310-compressed-1536x2048.jpg 1536w, https:\/\/steanne-stpierre-portlouis.bzh\/ecole-sainte-anne\/wp-content\/uploads\/sites\/2\/2021\/11\/20211119_145310-compressed-scaled.jpg 1920w\" sizes=\"(max-width: 768px) 100vw, 768px\" \/><\/figure>\n\n\n\n<figure class=\"wp-block-image size-large\"><img decoding=\"async\" width=\"768\" height=\"1024\" src=\"https:\/\/steanne-stpierre-portlouis.bzh\/ecole-sainte-anne\/wp-content\/uploads\/sites\/2\/2021\/11\/20211119_145636-compressed-768x1024.jpg\" alt=\"\" class=\"wp-image-901\" srcset=\"https:\/\/steanne-stpierre-portlouis.bzh\/ecole-sainte-anne\/wp-content\/uploads\/sites\/2\/2021\/11\/20211119_145636-compressed-768x1024.jpg 768w, https:\/\/steanne-stpierre-portlouis.bzh\/ecole-sainte-anne\/wp-content\/uploads\/sites\/2\/2021\/11\/20211119_145636-compressed-225x300.jpg 225w, https:\/\/steanne-stpierre-portlouis.bzh\/ecole-sainte-anne\/wp-content\/uploads\/sites\/2\/2021\/11\/20211119_145636-compressed-1152x1536.jpg 1152w, https:\/\/steanne-stpierre-portlouis.bzh\/ecole-sainte-anne\/wp-content\/uploads\/sites\/2\/2021\/11\/20211119_145636-compressed-1536x2048.jpg 1536w, https:\/\/steanne-stpierre-portlouis.bzh\/ecole-sainte-anne\/wp-content\/uploads\/sites\/2\/2021\/11\/20211119_145636-compressed-scaled.jpg 1920w\" sizes=\"(max-width: 768px) 100vw, 768px\" \/><\/figure>\n\n\n\n<figure class=\"wp-block-image size-large\"><img decoding=\"async\" width=\"768\" height=\"1024\" src=\"https:\/\/steanne-stpierre-portlouis.bzh\/ecole-sainte-anne\/wp-content\/uploads\/sites\/2\/2021\/11\/20211119_145830-compressed-768x1024.jpg\" alt=\"\" class=\"wp-image-902\" srcset=\"https:\/\/steanne-stpierre-portlouis.bzh\/ecole-sainte-anne\/wp-content\/uploads\/sites\/2\/2021\/11\/20211119_145830-compressed-768x1024.jpg 768w, https:\/\/steanne-stpierre-portlouis.bzh\/ecole-sainte-anne\/wp-content\/uploads\/sites\/2\/2021\/11\/20211119_145830-compressed-225x300.jpg 225w, https:\/\/steanne-stpierre-portlouis.bzh\/ecole-sainte-anne\/wp-content\/uploads\/sites\/2\/2021\/11\/20211119_145830-compressed-1152x1536.jpg 1152w, https:\/\/steanne-stpierre-portlouis.bzh\/ecole-sainte-anne\/wp-content\/uploads\/sites\/2\/2021\/11\/20211119_145830-compressed-1536x2048.jpg 1536w, https:\/\/steanne-stpierre-portlouis.bzh\/ecole-sainte-anne\/wp-content\/uploads\/sites\/2\/2021\/11\/20211119_145830-compressed-scaled.jpg 1920w\" sizes=\"(max-width: 768px) 100vw, 768px\" \/><\/figure>\n\n\n\n<figure class=\"wp-block-image size-large\"><img decoding=\"async\" width=\"768\" height=\"1024\" src=\"https:\/\/steanne-stpierre-portlouis.bzh\/ecole-sainte-anne\/wp-content\/uploads\/sites\/2\/2021\/11\/20211119_150206-compressed-768x1024.jpg\" alt=\"\" class=\"wp-image-903\" srcset=\"https:\/\/steanne-stpierre-portlouis.bzh\/ecole-sainte-anne\/wp-content\/uploads\/sites\/2\/2021\/11\/20211119_150206-compressed-768x1024.jpg 768w, https:\/\/steanne-stpierre-portlouis.bzh\/ecole-sainte-anne\/wp-content\/uploads\/sites\/2\/2021\/11\/20211119_150206-compressed-225x300.jpg 225w, https:\/\/steanne-stpierre-portlouis.bzh\/ecole-sainte-anne\/wp-content\/uploads\/sites\/2\/2021\/11\/20211119_150206-compressed-1152x1536.jpg 1152w, https:\/\/steanne-stpierre-portlouis.bzh\/ecole-sainte-anne\/wp-content\/uploads\/sites\/2\/2021\/11\/20211119_150206-compressed-1536x2048.jpg 1536w, https:\/\/steanne-stpierre-portlouis.bzh\/ecole-sainte-anne\/wp-content\/uploads\/sites\/2\/2021\/11\/20211119_150206-compressed-scaled.jpg 1920w\" sizes=\"(max-width: 768px) 100vw, 768px\" \/><\/figure>\n\n\n\n<figure class=\"wp-block-image size-large\"><img decoding=\"async\" width=\"768\" height=\"1024\" src=\"https:\/\/steanne-stpierre-portlouis.bzh\/ecole-sainte-anne\/wp-content\/uploads\/sites\/2\/2021\/11\/20211119_150318-compressed-768x1024.jpg\" alt=\"\" class=\"wp-image-904\" srcset=\"https:\/\/steanne-stpierre-portlouis.bzh\/ecole-sainte-anne\/wp-content\/uploads\/sites\/2\/2021\/11\/20211119_150318-compressed-768x1024.jpg 768w, https:\/\/steanne-stpierre-portlouis.bzh\/ecole-sainte-anne\/wp-content\/uploads\/sites\/2\/2021\/11\/20211119_150318-compressed-225x300.jpg 225w, https:\/\/steanne-stpierre-portlouis.bzh\/ecole-sainte-anne\/wp-content\/uploads\/sites\/2\/2021\/11\/20211119_150318-compressed-1152x1536.jpg 1152w, https:\/\/steanne-stpierre-portlouis.bzh\/ecole-sainte-anne\/wp-content\/uploads\/sites\/2\/2021\/11\/20211119_150318-compressed-1536x2048.jpg 1536w, https:\/\/steanne-stpierre-portlouis.bzh\/ecole-sainte-anne\/wp-content\/uploads\/sites\/2\/2021\/11\/20211119_150318-compressed-scaled.jpg 1920w\" sizes=\"(max-width: 768px) 100vw, 768px\" \/><\/figure>\n\n\n","protected":false},"excerpt":{"rendered":"<p>En lien avec notre projet sciences sur l\u2019ombre et la lumi\u00e8re, nous avons travaill\u00e9 sur les ombres et la lumi\u00e8re \u00e0 partir de l\u2019oeuvre de Colette HYVRARD. Cette artiste photographe [&hellip;]<\/p>\n","protected":false},"author":4,"featured_media":897,"comment_status":"closed","ping_status":"closed","sticky":false,"template":"","format":"standard","meta":{"_acf_changed":false,"footnotes":""},"categories":[20,24],"tags":[],"class_list":["post-896","post","type-post","status-publish","format-standard","has-post-thumbnail","hentry","category-cm","category-education-artistique-et-culturelle"],"acf":[],"yoast_head":"<!-- This site is optimized with the Yoast SEO plugin v27.5 - https:\/\/yoast.com\/product\/yoast-seo-wordpress\/ -->\n<title>Ombres port\u00e9es \u00e0 la mani\u00e8re de Colette Hyvrard - \u00c9cole Sainte-Anne<\/title>\n<meta name=\"robots\" content=\"index, follow, max-snippet:-1, max-image-preview:large, max-video-preview:-1\" \/>\n<link rel=\"canonical\" href=\"https:\/\/steanne-stpierre-portlouis.bzh\/ecole-sainte-anne\/ombres-portees-a-la-maniere-de-colette-hyvrard\/\" \/>\n<meta property=\"og:locale\" content=\"fr_FR\" \/>\n<meta property=\"og:type\" content=\"article\" \/>\n<meta property=\"og:title\" content=\"Ombres port\u00e9es \u00e0 la mani\u00e8re de Colette Hyvrard - \u00c9cole Sainte-Anne\" \/>\n<meta property=\"og:description\" content=\"En lien avec notre projet sciences sur l\u2019ombre et la lumi\u00e8re, nous avons travaill\u00e9 sur les ombres et la lumi\u00e8re \u00e0 partir de l\u2019oeuvre de Colette HYVRARD. Cette artiste photographe [&hellip;]\" \/>\n<meta property=\"og:url\" content=\"https:\/\/steanne-stpierre-portlouis.bzh\/ecole-sainte-anne\/ombres-portees-a-la-maniere-de-colette-hyvrard\/\" \/>\n<meta property=\"og:site_name\" content=\"\u00c9cole Sainte-Anne\" \/>\n<meta property=\"article:published_time\" content=\"2021-11-21T15:19:37+00:00\" \/>\n<meta property=\"article:modified_time\" content=\"2021-12-05T11:22:44+00:00\" \/>\n<meta property=\"og:image\" content=\"https:\/\/steanne-stpierre-portlouis.bzh\/ecole-sainte-anne\/wp-content\/uploads\/sites\/2\/2021\/11\/unnamed-compressed.jpg\" \/>\n\t<meta property=\"og:image:width\" content=\"370\" \/>\n\t<meta property=\"og:image:height\" content=\"512\" \/>\n\t<meta property=\"og:image:type\" content=\"image\/jpeg\" \/>\n<meta name=\"author\" content=\"cebrel\" \/>\n<meta name=\"twitter:card\" content=\"summary_large_image\" \/>\n<meta name=\"twitter:label1\" content=\"\u00c9crit par\" \/>\n\t<meta name=\"twitter:data1\" content=\"cebrel\" \/>\n\t<meta name=\"twitter:label2\" content=\"Dur\u00e9e de lecture estim\u00e9e\" \/>\n\t<meta name=\"twitter:data2\" content=\"3 minutes\" \/>\n<script type=\"application\/ld+json\" class=\"yoast-schema-graph\">{\"@context\":\"https:\\\/\\\/schema.org\",\"@graph\":[{\"@type\":\"Article\",\"@id\":\"https:\\\/\\\/steanne-stpierre-portlouis.bzh\\\/ecole-sainte-anne\\\/ombres-portees-a-la-maniere-de-colette-hyvrard\\\/#article\",\"isPartOf\":{\"@id\":\"https:\\\/\\\/steanne-stpierre-portlouis.bzh\\\/ecole-sainte-anne\\\/ombres-portees-a-la-maniere-de-colette-hyvrard\\\/\"},\"author\":{\"name\":\"cebrel\",\"@id\":\"https:\\\/\\\/steanne-stpierre-portlouis.bzh\\\/ecole-sainte-anne\\\/#\\\/schema\\\/person\\\/d0adfd862a9a6e74c46d677e20515de2\"},\"headline\":\"Ombres port\u00e9es \u00e0 la mani\u00e8re de Colette Hyvrard\",\"datePublished\":\"2021-11-21T15:19:37+00:00\",\"dateModified\":\"2021-12-05T11:22:44+00:00\",\"mainEntityOfPage\":{\"@id\":\"https:\\\/\\\/steanne-stpierre-portlouis.bzh\\\/ecole-sainte-anne\\\/ombres-portees-a-la-maniere-de-colette-hyvrard\\\/\"},\"wordCount\":83,\"publisher\":{\"@id\":\"https:\\\/\\\/steanne-stpierre-portlouis.bzh\\\/ecole-sainte-anne\\\/#organization\"},\"image\":{\"@id\":\"https:\\\/\\\/steanne-stpierre-portlouis.bzh\\\/ecole-sainte-anne\\\/ombres-portees-a-la-maniere-de-colette-hyvrard\\\/#primaryimage\"},\"thumbnailUrl\":\"https:\\\/\\\/steanne-stpierre-portlouis.bzh\\\/ecole-sainte-anne\\\/wp-content\\\/uploads\\\/sites\\\/2\\\/2021\\\/11\\\/unnamed-compressed.jpg\",\"articleSection\":[\"CM\",\"Education Artistique et Culturelle\"],\"inLanguage\":\"fr-FR\"},{\"@type\":\"WebPage\",\"@id\":\"https:\\\/\\\/steanne-stpierre-portlouis.bzh\\\/ecole-sainte-anne\\\/ombres-portees-a-la-maniere-de-colette-hyvrard\\\/\",\"url\":\"https:\\\/\\\/steanne-stpierre-portlouis.bzh\\\/ecole-sainte-anne\\\/ombres-portees-a-la-maniere-de-colette-hyvrard\\\/\",\"name\":\"Ombres port\u00e9es \u00e0 la mani\u00e8re de Colette Hyvrard - \u00c9cole Sainte-Anne\",\"isPartOf\":{\"@id\":\"https:\\\/\\\/steanne-stpierre-portlouis.bzh\\\/ecole-sainte-anne\\\/#website\"},\"primaryImageOfPage\":{\"@id\":\"https:\\\/\\\/steanne-stpierre-portlouis.bzh\\\/ecole-sainte-anne\\\/ombres-portees-a-la-maniere-de-colette-hyvrard\\\/#primaryimage\"},\"image\":{\"@id\":\"https:\\\/\\\/steanne-stpierre-portlouis.bzh\\\/ecole-sainte-anne\\\/ombres-portees-a-la-maniere-de-colette-hyvrard\\\/#primaryimage\"},\"thumbnailUrl\":\"https:\\\/\\\/steanne-stpierre-portlouis.bzh\\\/ecole-sainte-anne\\\/wp-content\\\/uploads\\\/sites\\\/2\\\/2021\\\/11\\\/unnamed-compressed.jpg\",\"datePublished\":\"2021-11-21T15:19:37+00:00\",\"dateModified\":\"2021-12-05T11:22:44+00:00\",\"breadcrumb\":{\"@id\":\"https:\\\/\\\/steanne-stpierre-portlouis.bzh\\\/ecole-sainte-anne\\\/ombres-portees-a-la-maniere-de-colette-hyvrard\\\/#breadcrumb\"},\"inLanguage\":\"fr-FR\",\"potentialAction\":[{\"@type\":\"ReadAction\",\"target\":[\"https:\\\/\\\/steanne-stpierre-portlouis.bzh\\\/ecole-sainte-anne\\\/ombres-portees-a-la-maniere-de-colette-hyvrard\\\/\"]}]},{\"@type\":\"ImageObject\",\"inLanguage\":\"fr-FR\",\"@id\":\"https:\\\/\\\/steanne-stpierre-portlouis.bzh\\\/ecole-sainte-anne\\\/ombres-portees-a-la-maniere-de-colette-hyvrard\\\/#primaryimage\",\"url\":\"https:\\\/\\\/steanne-stpierre-portlouis.bzh\\\/ecole-sainte-anne\\\/wp-content\\\/uploads\\\/sites\\\/2\\\/2021\\\/11\\\/unnamed-compressed.jpg\",\"contentUrl\":\"https:\\\/\\\/steanne-stpierre-portlouis.bzh\\\/ecole-sainte-anne\\\/wp-content\\\/uploads\\\/sites\\\/2\\\/2021\\\/11\\\/unnamed-compressed.jpg\",\"width\":370,\"height\":512},{\"@type\":\"BreadcrumbList\",\"@id\":\"https:\\\/\\\/steanne-stpierre-portlouis.bzh\\\/ecole-sainte-anne\\\/ombres-portees-a-la-maniere-de-colette-hyvrard\\\/#breadcrumb\",\"itemListElement\":[{\"@type\":\"ListItem\",\"position\":1,\"name\":\"Accueil\",\"item\":\"https:\\\/\\\/steanne-stpierre-portlouis.bzh\\\/ecole-sainte-anne\\\/\"},{\"@type\":\"ListItem\",\"position\":2,\"name\":\"Ombres port\u00e9es \u00e0 la mani\u00e8re de Colette Hyvrard\"}]},{\"@type\":\"WebSite\",\"@id\":\"https:\\\/\\\/steanne-stpierre-portlouis.bzh\\\/ecole-sainte-anne\\\/#website\",\"url\":\"https:\\\/\\\/steanne-stpierre-portlouis.bzh\\\/ecole-sainte-anne\\\/\",\"name\":\"\u00c9cole Sainte-Anne\",\"description\":\"Un site utilisant Ensemble scolaire Port Louis\",\"publisher\":{\"@id\":\"https:\\\/\\\/steanne-stpierre-portlouis.bzh\\\/ecole-sainte-anne\\\/#organization\"},\"potentialAction\":[{\"@type\":\"SearchAction\",\"target\":{\"@type\":\"EntryPoint\",\"urlTemplate\":\"https:\\\/\\\/steanne-stpierre-portlouis.bzh\\\/ecole-sainte-anne\\\/?s={search_term_string}\"},\"query-input\":{\"@type\":\"PropertyValueSpecification\",\"valueRequired\":true,\"valueName\":\"search_term_string\"}}],\"inLanguage\":\"fr-FR\"},{\"@type\":\"Organization\",\"@id\":\"https:\\\/\\\/steanne-stpierre-portlouis.bzh\\\/ecole-sainte-anne\\\/#organization\",\"name\":\"\u00c9cole Sainte-Anne\",\"url\":\"https:\\\/\\\/steanne-stpierre-portlouis.bzh\\\/ecole-sainte-anne\\\/\",\"logo\":{\"@type\":\"ImageObject\",\"inLanguage\":\"fr-FR\",\"@id\":\"https:\\\/\\\/steanne-stpierre-portlouis.bzh\\\/ecole-sainte-anne\\\/#\\\/schema\\\/logo\\\/image\\\/\",\"url\":\"https:\\\/\\\/steanne-stpierre-portlouis.bzh\\\/ecole-sainte-anne\\\/wp-content\\\/uploads\\\/sites\\\/2\\\/2021\\\/05\\\/logo-steanne.png\",\"contentUrl\":\"https:\\\/\\\/steanne-stpierre-portlouis.bzh\\\/ecole-sainte-anne\\\/wp-content\\\/uploads\\\/sites\\\/2\\\/2021\\\/05\\\/logo-steanne.png\",\"width\":246,\"height\":187,\"caption\":\"\u00c9cole Sainte-Anne\"},\"image\":{\"@id\":\"https:\\\/\\\/steanne-stpierre-portlouis.bzh\\\/ecole-sainte-anne\\\/#\\\/schema\\\/logo\\\/image\\\/\"}},{\"@type\":\"Person\",\"@id\":\"https:\\\/\\\/steanne-stpierre-portlouis.bzh\\\/ecole-sainte-anne\\\/#\\\/schema\\\/person\\\/d0adfd862a9a6e74c46d677e20515de2\",\"name\":\"cebrel\",\"image\":{\"@type\":\"ImageObject\",\"inLanguage\":\"fr-FR\",\"@id\":\"https:\\\/\\\/secure.gravatar.com\\\/avatar\\\/d50aa45863e19570042f9244386ca85cb7a7a297edbcc113d377a7b15e783a2c?s=96&d=mm&r=g\",\"url\":\"https:\\\/\\\/secure.gravatar.com\\\/avatar\\\/d50aa45863e19570042f9244386ca85cb7a7a297edbcc113d377a7b15e783a2c?s=96&d=mm&r=g\",\"contentUrl\":\"https:\\\/\\\/secure.gravatar.com\\\/avatar\\\/d50aa45863e19570042f9244386ca85cb7a7a297edbcc113d377a7b15e783a2c?s=96&d=mm&r=g\",\"caption\":\"cebrel\"}}]}<\/script>\n<!-- \/ Yoast SEO plugin. -->","yoast_head_json":{"title":"Ombres port\u00e9es \u00e0 la mani\u00e8re de Colette Hyvrard - \u00c9cole Sainte-Anne","robots":{"index":"index","follow":"follow","max-snippet":"max-snippet:-1","max-image-preview":"max-image-preview:large","max-video-preview":"max-video-preview:-1"},"canonical":"https:\/\/steanne-stpierre-portlouis.bzh\/ecole-sainte-anne\/ombres-portees-a-la-maniere-de-colette-hyvrard\/","og_locale":"fr_FR","og_type":"article","og_title":"Ombres port\u00e9es \u00e0 la mani\u00e8re de Colette Hyvrard - \u00c9cole Sainte-Anne","og_description":"En lien avec notre projet sciences sur l\u2019ombre et la lumi\u00e8re, nous avons travaill\u00e9 sur les ombres et la lumi\u00e8re \u00e0 partir de l\u2019oeuvre de Colette HYVRARD. Cette artiste photographe [&hellip;]","og_url":"https:\/\/steanne-stpierre-portlouis.bzh\/ecole-sainte-anne\/ombres-portees-a-la-maniere-de-colette-hyvrard\/","og_site_name":"\u00c9cole Sainte-Anne","article_published_time":"2021-11-21T15:19:37+00:00","article_modified_time":"2021-12-05T11:22:44+00:00","og_image":[{"width":370,"height":512,"url":"https:\/\/steanne-stpierre-portlouis.bzh\/ecole-sainte-anne\/wp-content\/uploads\/sites\/2\/2021\/11\/unnamed-compressed.jpg","type":"image\/jpeg"}],"author":"cebrel","twitter_card":"summary_large_image","twitter_misc":{"\u00c9crit par":"cebrel","Dur\u00e9e de lecture estim\u00e9e":"3 minutes"},"schema":{"@context":"https:\/\/schema.org","@graph":[{"@type":"Article","@id":"https:\/\/steanne-stpierre-portlouis.bzh\/ecole-sainte-anne\/ombres-portees-a-la-maniere-de-colette-hyvrard\/#article","isPartOf":{"@id":"https:\/\/steanne-stpierre-portlouis.bzh\/ecole-sainte-anne\/ombres-portees-a-la-maniere-de-colette-hyvrard\/"},"author":{"name":"cebrel","@id":"https:\/\/steanne-stpierre-portlouis.bzh\/ecole-sainte-anne\/#\/schema\/person\/d0adfd862a9a6e74c46d677e20515de2"},"headline":"Ombres port\u00e9es \u00e0 la mani\u00e8re de Colette Hyvrard","datePublished":"2021-11-21T15:19:37+00:00","dateModified":"2021-12-05T11:22:44+00:00","mainEntityOfPage":{"@id":"https:\/\/steanne-stpierre-portlouis.bzh\/ecole-sainte-anne\/ombres-portees-a-la-maniere-de-colette-hyvrard\/"},"wordCount":83,"publisher":{"@id":"https:\/\/steanne-stpierre-portlouis.bzh\/ecole-sainte-anne\/#organization"},"image":{"@id":"https:\/\/steanne-stpierre-portlouis.bzh\/ecole-sainte-anne\/ombres-portees-a-la-maniere-de-colette-hyvrard\/#primaryimage"},"thumbnailUrl":"https:\/\/steanne-stpierre-portlouis.bzh\/ecole-sainte-anne\/wp-content\/uploads\/sites\/2\/2021\/11\/unnamed-compressed.jpg","articleSection":["CM","Education Artistique et Culturelle"],"inLanguage":"fr-FR"},{"@type":"WebPage","@id":"https:\/\/steanne-stpierre-portlouis.bzh\/ecole-sainte-anne\/ombres-portees-a-la-maniere-de-colette-hyvrard\/","url":"https:\/\/steanne-stpierre-portlouis.bzh\/ecole-sainte-anne\/ombres-portees-a-la-maniere-de-colette-hyvrard\/","name":"Ombres port\u00e9es \u00e0 la mani\u00e8re de Colette Hyvrard - \u00c9cole Sainte-Anne","isPartOf":{"@id":"https:\/\/steanne-stpierre-portlouis.bzh\/ecole-sainte-anne\/#website"},"primaryImageOfPage":{"@id":"https:\/\/steanne-stpierre-portlouis.bzh\/ecole-sainte-anne\/ombres-portees-a-la-maniere-de-colette-hyvrard\/#primaryimage"},"image":{"@id":"https:\/\/steanne-stpierre-portlouis.bzh\/ecole-sainte-anne\/ombres-portees-a-la-maniere-de-colette-hyvrard\/#primaryimage"},"thumbnailUrl":"https:\/\/steanne-stpierre-portlouis.bzh\/ecole-sainte-anne\/wp-content\/uploads\/sites\/2\/2021\/11\/unnamed-compressed.jpg","datePublished":"2021-11-21T15:19:37+00:00","dateModified":"2021-12-05T11:22:44+00:00","breadcrumb":{"@id":"https:\/\/steanne-stpierre-portlouis.bzh\/ecole-sainte-anne\/ombres-portees-a-la-maniere-de-colette-hyvrard\/#breadcrumb"},"inLanguage":"fr-FR","potentialAction":[{"@type":"ReadAction","target":["https:\/\/steanne-stpierre-portlouis.bzh\/ecole-sainte-anne\/ombres-portees-a-la-maniere-de-colette-hyvrard\/"]}]},{"@type":"ImageObject","inLanguage":"fr-FR","@id":"https:\/\/steanne-stpierre-portlouis.bzh\/ecole-sainte-anne\/ombres-portees-a-la-maniere-de-colette-hyvrard\/#primaryimage","url":"https:\/\/steanne-stpierre-portlouis.bzh\/ecole-sainte-anne\/wp-content\/uploads\/sites\/2\/2021\/11\/unnamed-compressed.jpg","contentUrl":"https:\/\/steanne-stpierre-portlouis.bzh\/ecole-sainte-anne\/wp-content\/uploads\/sites\/2\/2021\/11\/unnamed-compressed.jpg","width":370,"height":512},{"@type":"BreadcrumbList","@id":"https:\/\/steanne-stpierre-portlouis.bzh\/ecole-sainte-anne\/ombres-portees-a-la-maniere-de-colette-hyvrard\/#breadcrumb","itemListElement":[{"@type":"ListItem","position":1,"name":"Accueil","item":"https:\/\/steanne-stpierre-portlouis.bzh\/ecole-sainte-anne\/"},{"@type":"ListItem","position":2,"name":"Ombres port\u00e9es \u00e0 la mani\u00e8re de Colette Hyvrard"}]},{"@type":"WebSite","@id":"https:\/\/steanne-stpierre-portlouis.bzh\/ecole-sainte-anne\/#website","url":"https:\/\/steanne-stpierre-portlouis.bzh\/ecole-sainte-anne\/","name":"\u00c9cole Sainte-Anne","description":"Un site utilisant Ensemble scolaire Port Louis","publisher":{"@id":"https:\/\/steanne-stpierre-portlouis.bzh\/ecole-sainte-anne\/#organization"},"potentialAction":[{"@type":"SearchAction","target":{"@type":"EntryPoint","urlTemplate":"https:\/\/steanne-stpierre-portlouis.bzh\/ecole-sainte-anne\/?s={search_term_string}"},"query-input":{"@type":"PropertyValueSpecification","valueRequired":true,"valueName":"search_term_string"}}],"inLanguage":"fr-FR"},{"@type":"Organization","@id":"https:\/\/steanne-stpierre-portlouis.bzh\/ecole-sainte-anne\/#organization","name":"\u00c9cole Sainte-Anne","url":"https:\/\/steanne-stpierre-portlouis.bzh\/ecole-sainte-anne\/","logo":{"@type":"ImageObject","inLanguage":"fr-FR","@id":"https:\/\/steanne-stpierre-portlouis.bzh\/ecole-sainte-anne\/#\/schema\/logo\/image\/","url":"https:\/\/steanne-stpierre-portlouis.bzh\/ecole-sainte-anne\/wp-content\/uploads\/sites\/2\/2021\/05\/logo-steanne.png","contentUrl":"https:\/\/steanne-stpierre-portlouis.bzh\/ecole-sainte-anne\/wp-content\/uploads\/sites\/2\/2021\/05\/logo-steanne.png","width":246,"height":187,"caption":"\u00c9cole Sainte-Anne"},"image":{"@id":"https:\/\/steanne-stpierre-portlouis.bzh\/ecole-sainte-anne\/#\/schema\/logo\/image\/"}},{"@type":"Person","@id":"https:\/\/steanne-stpierre-portlouis.bzh\/ecole-sainte-anne\/#\/schema\/person\/d0adfd862a9a6e74c46d677e20515de2","name":"cebrel","image":{"@type":"ImageObject","inLanguage":"fr-FR","@id":"https:\/\/secure.gravatar.com\/avatar\/d50aa45863e19570042f9244386ca85cb7a7a297edbcc113d377a7b15e783a2c?s=96&d=mm&r=g","url":"https:\/\/secure.gravatar.com\/avatar\/d50aa45863e19570042f9244386ca85cb7a7a297edbcc113d377a7b15e783a2c?s=96&d=mm&r=g","contentUrl":"https:\/\/secure.gravatar.com\/avatar\/d50aa45863e19570042f9244386ca85cb7a7a297edbcc113d377a7b15e783a2c?s=96&d=mm&r=g","caption":"cebrel"}}]}},"_links":{"self":[{"href":"https:\/\/steanne-stpierre-portlouis.bzh\/ecole-sainte-anne\/wp-json\/wp\/v2\/posts\/896","targetHints":{"allow":["GET"]}}],"collection":[{"href":"https:\/\/steanne-stpierre-portlouis.bzh\/ecole-sainte-anne\/wp-json\/wp\/v2\/posts"}],"about":[{"href":"https:\/\/steanne-stpierre-portlouis.bzh\/ecole-sainte-anne\/wp-json\/wp\/v2\/types\/post"}],"author":[{"embeddable":true,"href":"https:\/\/steanne-stpierre-portlouis.bzh\/ecole-sainte-anne\/wp-json\/wp\/v2\/users\/4"}],"replies":[{"embeddable":true,"href":"https:\/\/steanne-stpierre-portlouis.bzh\/ecole-sainte-anne\/wp-json\/wp\/v2\/comments?post=896"}],"version-history":[{"count":3,"href":"https:\/\/steanne-stpierre-portlouis.bzh\/ecole-sainte-anne\/wp-json\/wp\/v2\/posts\/896\/revisions"}],"predecessor-version":[{"id":1061,"href":"https:\/\/steanne-stpierre-portlouis.bzh\/ecole-sainte-anne\/wp-json\/wp\/v2\/posts\/896\/revisions\/1061"}],"wp:featuredmedia":[{"embeddable":true,"href":"https:\/\/steanne-stpierre-portlouis.bzh\/ecole-sainte-anne\/wp-json\/wp\/v2\/media\/897"}],"wp:attachment":[{"href":"https:\/\/steanne-stpierre-portlouis.bzh\/ecole-sainte-anne\/wp-json\/wp\/v2\/media?parent=896"}],"wp:term":[{"taxonomy":"category","embeddable":true,"href":"https:\/\/steanne-stpierre-portlouis.bzh\/ecole-sainte-anne\/wp-json\/wp\/v2\/categories?post=896"},{"taxonomy":"post_tag","embeddable":true,"href":"https:\/\/steanne-stpierre-portlouis.bzh\/ecole-sainte-anne\/wp-json\/wp\/v2\/tags?post=896"}],"curies":[{"name":"wp","href":"https:\/\/api.w.org\/{rel}","templated":true}]}}